{"id":10732,"date":"2016-03-06T23:21:59","date_gmt":"2016-03-07T05:21:59","guid":{"rendered":"http:\/\/damas.laiglesiadelacomunidad.com\/?p=10732"},"modified":"2016-03-06T23:21:59","modified_gmt":"2016-03-07T05:21:59","slug":"reunion-domingo-6-de-marzo-del-2016","status":"publish","type":"post","link":"http:\/\/damas.laiglesiadelacomunidad.com\/?p=10732","title":{"rendered":"Reuni\u00f3n domingo 6 de Marzo del 2016"},"content":{"rendered":"<p>Gracias Se\u00f1or por ser tan bueno y misericordioso, gracias por darnos una noche tan linda, gracias por cada persona que trajiste hoy, gracias por todos los ni\u00f1os, gracias por los voluntarios, los m\u00fasicos y los cantantes, gracias por tan lindo ambiente. Gracias por Thiago y sus pap\u00e1s, por confiarnos parte de su formaci\u00f3n como cristiano a \u00e9sta comunidad, a su familia en cristo \ud83d\ude42<\/p>\n<p>El d\u00eda de hoy me toc\u00f3 dar clases a los peque\u00f1itos, as\u00ed que escribir\u00e9 poco sobre el mensaje de hoy. El tema del mensaje de hoy fue: <strong>&#8220;El Dios que nos transforma&#8221;\u00a0<\/strong>y la idea grande fue: <strong>&#8220;Jes\u00fas nos puede transformar completamente y exige entrega total&#8221;\u00a0<\/strong>a continuaci\u00f3n les compart\u00f3 los vers\u00edculos B\u00edblicos que fueron leidos hoy.<\/p>\n<p><span class=\"text Matt-9-18\"><sup class=\"versenum\">\u00a0<\/sup><strong>Mientras \u00e9l les dec\u00eda estas cosas, vino un hombre principal y se postr\u00f3 ante \u00e9l, diciendo: Mi hija acaba de morir; mas ven y pon tu mano sobre ella, y vivir\u00e1.<\/strong><\/span><strong><span id=\"es-RVR1960-23400\" class=\"text Matt-9-19\">Y se levant\u00f3 Jes\u00fas, y le sigui\u00f3 con sus disc\u00edpulos.<\/span><span id=\"es-RVR1960-23401\" class=\"text Matt-9-20\"><sup class=\"versenum\">\u00a0<\/sup>Y he aqu\u00ed una mujer enferma de flujo de sangre desde hac\u00eda doce a\u00f1os, se le acerc\u00f3 por detr\u00e1s y toc\u00f3 el borde de su manto;<\/span><span id=\"es-RVR1960-23402\" class=\"text Matt-9-21\"><sup class=\"versenum\">\u00a0<\/sup>porque dec\u00eda dentro de s\u00ed: Si tocare solamente su manto, ser\u00e9 salva.\u00a0<\/span><span id=\"es-RVR1960-23403\" class=\"text Matt-9-22\"><sup class=\"versenum\">\u00a0<\/sup>Pero Jes\u00fas, volvi\u00e9ndose y mir\u00e1ndola, dijo: <span style=\"color: #ff0000;\">Ten \u00e1nimo, hija; tu fe te ha salvado<\/span>. Y la mujer fue salva desde aquella hora.<\/span><span id=\"es-RVR1960-23404\" class=\"text Matt-9-23\"><sup class=\"versenum\">\u00a0<\/sup>Al entrar Jes\u00fas en la casa del principal, viendo a los que tocaban flautas, y la gente que hac\u00eda alboroto,<\/span><span id=\"es-RVR1960-23405\" class=\"text Matt-9-24\"><sup class=\"versenum\">\u00a0<\/sup>les dijo: <span style=\"color: #ff0000;\">Apartaos, porque la ni\u00f1a no est\u00e1 muerta, sino duerme.<\/span> Y se burlaban de \u00e9l.\u00a0<\/span><span id=\"es-RVR1960-23406\" class=\"text Matt-9-25\">Pero cuando la gente hab\u00eda sido echada fuera, entr\u00f3, y tom\u00f3 de la mano a la ni\u00f1a, y ella se levant\u00f3.<\/span><span id=\"es-RVR1960-23407\" class=\"text Matt-9-26\">Y se difundi\u00f3 la fama de esto por toda aquella tierra.<\/span><\/strong><\/p>\n<p><strong><span class=\"text Matt-9-27\">Pasando Jes\u00fas de all\u00ed, le siguieron dos ciegos, dando voces y diciendo: !!Ten misericordia de nosotros, Hijo de David!\u00a0<\/span><span id=\"es-RVR1960-23409\" class=\"text Matt-9-28\">Y llegado a la casa, vinieron a \u00e9l los ciegos; y Jes\u00fas les dijo: <span style=\"color: #ff0000;\">\u00bfCre\u00e9is que puedo hacer esto?<\/span> Ellos dijeron: S\u00ed, Se\u00f1or.\u00a0<\/span><span id=\"es-RVR1960-23410\" class=\"text Matt-9-29\">Entonces les toc\u00f3 los ojos, diciendo: Conforme a vuestra fe os sea hecho.\u00a0<\/span><span id=\"es-RVR1960-23411\" class=\"text Matt-9-30\">Y los ojos de ellos fueron abiertos. Y Jes\u00fas les encarg\u00f3 rigurosamente, diciendo: <span style=\"color: #ff0000;\">Mirad que nadie lo sepa.<\/span><\/span><span id=\"es-RVR1960-23412\" class=\"text Matt-9-31\">Pero salidos ellos, divulgaron la fama de \u00e9l por toda aquella tierra.<\/span><\/strong><\/p>\n<p><strong><span class=\"text Matt-9-32\">Mientras sal\u00edan ellos, he aqu\u00ed, le trajeron un mudo, endemoniado.<\/span><span id=\"es-RVR1960-23414\" class=\"text Matt-9-33\">Y echado fuera el demonio, el mudo habl\u00f3; y la gente se maravillaba, y dec\u00eda: Nunca se ha visto cosa semejante en Israel.<\/span><\/strong><span id=\"es-RVR1960-23415\" class=\"text Matt-9-34\"><strong><sup class=\"versenum\">\u00a0<\/sup>Pero los fariseos dec\u00edan: Por el pr\u00edncipe de los demonios echa fuera los demonios.<\/strong> Mateo 9:18-34<\/span><\/p>\n<p>Se\u00f1or hoy te damos gracias por todo lo que nos has dado, tambi\u00e9n te damos gracias por \u00e9sta iglesia y por recibir la palabra de Dios, te pedimos que nos ayudes a tener m\u00e1s fe, que nos transformes seg\u00fan tu voluntad, te lo pedimos en nombre de de Jesucristo nuestro Se\u00f1or. Am\u00e9n.<\/p>\n<p>Que Dios las bendiga, las quiero mucho \ud83d\ude42<\/p>\n<p>Jackie C.<\/p>\n<p><strong><a href=\"http:\/\/damas.laiglesiadelacomunidad.com\/?attachment_id=10734\" rel=\"attachment wp-att-10734\"><img loading=\"lazy\" decoding=\"async\" class=\"alignnone size-full wp-image-10734\" src=\"http:\/\/damas.laiglesiadelacomunidad.com\/wp-content\/uploads\/2016\/03\/2016-03-06-22.42.17.jpg\" alt=\"2016-03-06 22.42.17\" width=\"1200\" height=\"1600\" srcset=\"http:\/\/damas.laiglesiadelacomunidad.com\/wp-content\/uploads\/2016\/03\/2016-03-06-22.42.17.jpg 1200w, http:\/\/damas.laiglesiadelacomunidad.com\/wp-content\/uploads\/2016\/03\/2016-03-06-22.42.17-225x300.jpg 225w, http:\/\/damas.laiglesiadelacomunidad.com\/wp-content\/uploads\/2016\/03\/2016-03-06-22.42.17-768x1024.jpg 768w\" sizes=\"(max-width: 1200px) 100vw, 1200px\" \/><\/a> <a href=\"http:\/\/damas.laiglesiadelacomunidad.com\/?attachment_id=10736\" rel=\"attachment wp-att-10736\"><img loading=\"lazy\" decoding=\"async\" class=\"alignnone size-full wp-image-10736\" src=\"http:\/\/damas.laiglesiadelacomunidad.com\/wp-content\/uploads\/2016\/03\/2016-03-06-22.42.25.jpg\" alt=\"2016-03-06 22.42.25\" width=\"1200\" height=\"1600\" srcset=\"http:\/\/damas.laiglesiadelacomunidad.com\/wp-content\/uploads\/2016\/03\/2016-03-06-22.42.25.jpg 1200w, http:\/\/damas.laiglesiadelacomunidad.com\/wp-content\/uploads\/2016\/03\/2016-03-06-22.42.25-225x300.jpg 225w, http:\/\/damas.laiglesiadelacomunidad.com\/wp-content\/uploads\/2016\/03\/2016-03-06-22.42.25-768x1024.jpg 768w\" sizes=\"(max-width: 1200px) 100vw, 1200px\" \/><\/a> <a href=\"http:\/\/damas.laiglesiadelacomunidad.com\/?attachment_id=10737\" rel=\"attachment wp-att-10737\"><img loading=\"lazy\" decoding=\"async\" class=\"alignnone size-full wp-image-10737\" src=\"http:\/\/damas.laiglesiadelacomunidad.com\/wp-content\/uploads\/2016\/03\/2016-03-06-22.42.29.jpg\" alt=\"2016-03-06 22.42.29\" width=\"1200\" height=\"1600\" srcset=\"http:\/\/damas.laiglesiadelacomunidad.com\/wp-content\/uploads\/2016\/03\/2016-03-06-22.42.29.jpg 1200w, http:\/\/damas.laiglesiadelacomunidad.com\/wp-content\/uploads\/2016\/03\/2016-03-06-22.42.29-225x300.jpg 225w, http:\/\/damas.laiglesiadelacomunidad.com\/wp-content\/uploads\/2016\/03\/2016-03-06-22.42.29-768x1024.jpg 768w\" sizes=\"(max-width: 1200px) 100vw, 1200px\" \/><\/a> <a href=\"http:\/\/damas.laiglesiadelacomunidad.com\/?attachment_id=10738\" rel=\"attachment wp-att-10738\"><img loading=\"lazy\" decoding=\"async\" class=\"alignnone size-full wp-image-10738\" src=\"http:\/\/damas.laiglesiadelacomunidad.com\/wp-content\/uploads\/2016\/03\/2016-03-06-22.42.31.jpg\" alt=\"2016-03-06 22.42.31\" width=\"1200\" height=\"1600\" srcset=\"http:\/\/damas.laiglesiadelacomunidad.com\/wp-content\/uploads\/2016\/03\/2016-03-06-22.42.31.jpg 1200w, http:\/\/damas.laiglesiadelacomunidad.com\/wp-content\/uploads\/2016\/03\/2016-03-06-22.42.31-225x300.jpg 225w, http:\/\/damas.laiglesiadelacomunidad.com\/wp-content\/uploads\/2016\/03\/2016-03-06-22.42.31-768x1024.jpg 768w\" sizes=\"(max-width: 1200px) 100vw, 1200px\" \/><\/a> <a href=\"http:\/\/damas.laiglesiadelacomunidad.com\/?attachment_id=10739\" rel=\"attachment wp-att-10739\"><img loading=\"lazy\" decoding=\"async\" class=\"alignnone size-full wp-image-10739\" src=\"http:\/\/damas.laiglesiadelacomunidad.com\/wp-content\/uploads\/2016\/03\/2016-03-06-22.42.35.jpg\" alt=\"2016-03-06 22.42.35\" width=\"1600\" height=\"1200\" srcset=\"http:\/\/damas.laiglesiadelacomunidad.com\/wp-content\/uploads\/2016\/03\/2016-03-06-22.42.35.jpg 1600w, http:\/\/damas.laiglesiadelacomunidad.com\/wp-content\/uploads\/2016\/03\/2016-03-06-22.42.35-300x225.jpg 300w, http:\/\/damas.laiglesiadelacomunidad.com\/wp-content\/uploads\/2016\/03\/2016-03-06-22.42.35-768x576.jpg 768w, http:\/\/damas.laiglesiadelacomunidad.com\/wp-content\/uploads\/2016\/03\/2016-03-06-22.42.35-1024x768.jpg 1024w\" sizes=\"(max-width: 1600px) 100vw, 1600px\" \/><\/a> <a href=\"http:\/\/damas.laiglesiadelacomunidad.com\/?attachment_id=10740\" rel=\"attachment wp-att-10740\"><img loading=\"lazy\" decoding=\"async\" class=\"alignnone size-full wp-image-10740\" src=\"http:\/\/damas.laiglesiadelacomunidad.com\/wp-content\/uploads\/2016\/03\/2016-03-06-22.42.37.jpg\" alt=\"2016-03-06 22.42.37\" width=\"1200\" height=\"1600\" srcset=\"http:\/\/damas.laiglesiadelacomunidad.com\/wp-content\/uploads\/2016\/03\/2016-03-06-22.42.37.jpg 1200w, http:\/\/damas.laiglesiadelacomunidad.com\/wp-content\/uploads\/2016\/03\/2016-03-06-22.42.37-225x300.jpg 225w, http:\/\/damas.laiglesiadelacomunidad.com\/wp-content\/uploads\/2016\/03\/2016-03-06-22.42.37-768x1024.jpg 768w\" sizes=\"(max-width: 1200px) 100vw, 1200px\" \/><\/a> <a href=\"http:\/\/damas.laiglesiadelacomunidad.com\/?attachment_id=10741\" rel=\"attachment wp-att-10741\"><img loading=\"lazy\" decoding=\"async\" class=\"alignnone size-full wp-image-10741\" src=\"http:\/\/damas.laiglesiadelacomunidad.com\/wp-content\/uploads\/2016\/03\/2016-03-06-22.42.41.jpg\" alt=\"2016-03-06 22.42.41\" width=\"1200\" height=\"1600\" srcset=\"http:\/\/damas.laiglesiadelacomunidad.com\/wp-content\/uploads\/2016\/03\/2016-03-06-22.42.41.jpg 1200w, http:\/\/damas.laiglesiadelacomunidad.com\/wp-content\/uploads\/2016\/03\/2016-03-06-22.42.41-225x300.jpg 225w, http:\/\/damas.laiglesiadelacomunidad.com\/wp-content\/uploads\/2016\/03\/2016-03-06-22.42.41-768x1024.jpg 768w\" sizes=\"(max-width: 1200px) 100vw, 1200px\" \/><\/a> <a href=\"http:\/\/damas.laiglesiadelacomunidad.com\/?attachment_id=10742\" rel=\"attachment wp-att-10742\"><img loading=\"lazy\" decoding=\"async\" class=\"alignnone size-full wp-image-10742\" src=\"http:\/\/damas.laiglesiadelacomunidad.com\/wp-content\/uploads\/2016\/03\/2016-03-06-22.42.44.jpg\" alt=\"2016-03-06 22.42.44\" width=\"1600\" height=\"1200\" srcset=\"http:\/\/damas.laiglesiadelacomunidad.com\/wp-content\/uploads\/2016\/03\/2016-03-06-22.42.44.jpg 1600w, http:\/\/damas.laiglesiadelacomunidad.com\/wp-content\/uploads\/2016\/03\/2016-03-06-22.42.44-300x225.jpg 300w, http:\/\/damas.laiglesiadelacomunidad.com\/wp-content\/uploads\/2016\/03\/2016-03-06-22.42.44-768x576.jpg 768w, http:\/\/damas.laiglesiadelacomunidad.com\/wp-content\/uploads\/2016\/03\/2016-03-06-22.42.44-1024x768.jpg 1024w\" sizes=\"(max-width: 1600px) 100vw, 1600px\" \/><\/a> <a href=\"http:\/\/damas.laiglesiadelacomunidad.com\/?attachment_id=10743\" rel=\"attachment wp-att-10743\"><img loading=\"lazy\" decoding=\"async\" class=\"alignnone size-full wp-image-10743\" src=\"http:\/\/damas.laiglesiadelacomunidad.com\/wp-content\/uploads\/2016\/03\/2016-03-06-22.42.47.jpg\" alt=\"2016-03-06 22.42.47\" width=\"1600\" height=\"1200\" srcset=\"http:\/\/damas.laiglesiadelacomunidad.com\/wp-content\/uploads\/2016\/03\/2016-03-06-22.42.47.jpg 1600w, http:\/\/damas.laiglesiadelacomunidad.com\/wp-content\/uploads\/2016\/03\/2016-03-06-22.42.47-300x225.jpg 300w, http:\/\/damas.laiglesiadelacomunidad.com\/wp-content\/uploads\/2016\/03\/2016-03-06-22.42.47-768x576.jpg 768w, http:\/\/damas.laiglesiadelacomunidad.com\/wp-content\/uploads\/2016\/03\/2016-03-06-22.42.47-1024x768.jpg 1024w\" sizes=\"(max-width: 1600px) 100vw, 1600px\" \/><\/a> <a href=\"http:\/\/damas.laiglesiadelacomunidad.com\/?attachment_id=10744\" rel=\"attachment wp-att-10744\"><img loading=\"lazy\" decoding=\"async\" class=\"alignnone size-full wp-image-10744\" src=\"http:\/\/damas.laiglesiadelacomunidad.com\/wp-content\/uploads\/2016\/03\/2016-03-06-22.42.50.jpg\" alt=\"2016-03-06 22.42.50\" width=\"1600\" height=\"1200\" srcset=\"http:\/\/damas.laiglesiadelacomunidad.com\/wp-content\/uploads\/2016\/03\/2016-03-06-22.42.50.jpg 1600w, http:\/\/damas.laiglesiadelacomunidad.com\/wp-content\/uploads\/2016\/03\/2016-03-06-22.42.50-300x225.jpg 300w, http:\/\/damas.laiglesiadelacomunidad.com\/wp-content\/uploads\/2016\/03\/2016-03-06-22.42.50-768x576.jpg 768w, http:\/\/damas.laiglesiadelacomunidad.com\/wp-content\/uploads\/2016\/03\/2016-03-06-22.42.50-1024x768.jpg 1024w\" sizes=\"(max-width: 1600px) 100vw, 1600px\" \/><\/a> <a href=\"http:\/\/damas.laiglesiadelacomunidad.com\/?attachment_id=10745\" rel=\"attachment wp-att-10745\"><img loading=\"lazy\" decoding=\"async\" class=\"alignnone size-full wp-image-10745\" src=\"http:\/\/damas.laiglesiadelacomunidad.com\/wp-content\/uploads\/2016\/03\/2016-03-06-22.42.53.jpg\" alt=\"2016-03-06 22.42.53\" width=\"1200\" height=\"1600\" srcset=\"http:\/\/damas.laiglesiadelacomunidad.com\/wp-content\/uploads\/2016\/03\/2016-03-06-22.42.53.jpg 1200w, http:\/\/damas.laiglesiadelacomunidad.com\/wp-content\/uploads\/2016\/03\/2016-03-06-22.42.53-225x300.jpg 225w, http:\/\/damas.laiglesiadelacomunidad.com\/wp-content\/uploads\/2016\/03\/2016-03-06-22.42.53-768x1024.jpg 768w\" sizes=\"(max-width: 1200px) 100vw, 1200px\" \/><\/a> <a href=\"http:\/\/damas.laiglesiadelacomunidad.com\/?attachment_id=10746\" rel=\"attachment wp-att-10746\"><img loading=\"lazy\" decoding=\"async\" class=\"alignnone size-full wp-image-10746\" src=\"http:\/\/damas.laiglesiadelacomunidad.com\/wp-content\/uploads\/2016\/03\/2016-03-06-22.42.56.jpg\" alt=\"2016-03-06 22.42.56\" width=\"1200\" height=\"1600\" srcset=\"http:\/\/damas.laiglesiadelacomunidad.com\/wp-content\/uploads\/2016\/03\/2016-03-06-22.42.56.jpg 1200w, http:\/\/damas.laiglesiadelacomunidad.com\/wp-content\/uploads\/2016\/03\/2016-03-06-22.42.56-225x300.jpg 225w, http:\/\/damas.laiglesiadelacomunidad.com\/wp-content\/uploads\/2016\/03\/2016-03-06-22.42.56-768x1024.jpg 768w\" sizes=\"(max-width: 1200px) 100vw, 1200px\" \/><\/a> <a href=\"http:\/\/damas.laiglesiadelacomunidad.com\/?attachment_id=10749\" rel=\"attachment wp-att-10749\"><img loading=\"lazy\" decoding=\"async\" class=\"alignnone size-full wp-image-10749\" src=\"http:\/\/damas.laiglesiadelacomunidad.com\/wp-content\/uploads\/2016\/03\/2016-03-06-22.43.06-e1457327982525.jpg\" alt=\"2016-03-06 22.43.06\" width=\"1103\" height=\"590\" srcset=\"http:\/\/damas.laiglesiadelacomunidad.com\/wp-content\/uploads\/2016\/03\/2016-03-06-22.43.06-e1457327982525.jpg 1103w, http:\/\/damas.laiglesiadelacomunidad.com\/wp-content\/uploads\/2016\/03\/2016-03-06-22.43.06-e1457327982525-300x160.jpg 300w, http:\/\/damas.laiglesiadelacomunidad.com\/wp-content\/uploads\/2016\/03\/2016-03-06-22.43.06-e1457327982525-768x411.jpg 768w, http:\/\/damas.laiglesiadelacomunidad.com\/wp-content\/uploads\/2016\/03\/2016-03-06-22.43.06-e1457327982525-1024x548.jpg 1024w\" sizes=\"(max-width: 1103px) 100vw, 1103px\" \/><\/a> <a href=\"http:\/\/damas.laiglesiadelacomunidad.com\/?attachment_id=10750\" rel=\"attachment wp-att-10750\"><img loading=\"lazy\" decoding=\"async\" class=\"alignnone size-full wp-image-10750\" src=\"http:\/\/damas.laiglesiadelacomunidad.com\/wp-content\/uploads\/2016\/03\/2016-03-06-22.43.09-e1457328002844.jpg\" alt=\"2016-03-06 22.43.09\" width=\"1047\" height=\"606\" srcset=\"http:\/\/damas.laiglesiadelacomunidad.com\/wp-content\/uploads\/2016\/03\/2016-03-06-22.43.09-e1457328002844.jpg 1047w, http:\/\/damas.laiglesiadelacomunidad.com\/wp-content\/uploads\/2016\/03\/2016-03-06-22.43.09-e1457328002844-300x174.jpg 300w, http:\/\/damas.laiglesiadelacomunidad.com\/wp-content\/uploads\/2016\/03\/2016-03-06-22.43.09-e1457328002844-768x445.jpg 768w, http:\/\/damas.laiglesiadelacomunidad.com\/wp-content\/uploads\/2016\/03\/2016-03-06-22.43.09-e1457328002844-1024x593.jpg 1024w\" sizes=\"(max-width: 1047px) 100vw, 1047px\" \/><\/a> <a href=\"http:\/\/damas.laiglesiadelacomunidad.com\/?attachment_id=10751\" rel=\"attachment wp-att-10751\"><img loading=\"lazy\" decoding=\"async\" class=\"alignnone size-full wp-image-10751\" src=\"http:\/\/damas.laiglesiadelacomunidad.com\/wp-content\/uploads\/2016\/03\/2016-03-06-22.43.12.jpg\" alt=\"2016-03-06 22.43.12\" width=\"1200\" height=\"1600\" srcset=\"http:\/\/damas.laiglesiadelacomunidad.com\/wp-content\/uploads\/2016\/03\/2016-03-06-22.43.12.jpg 1200w, http:\/\/damas.laiglesiadelacomunidad.com\/wp-content\/uploads\/2016\/03\/2016-03-06-22.43.12-225x300.jpg 225w, http:\/\/damas.laiglesiadelacomunidad.com\/wp-content\/uploads\/2016\/03\/2016-03-06-22.43.12-768x1024.jpg 768w\" sizes=\"(max-width: 1200px) 100vw, 1200px\" \/><\/a> <a href=\"http:\/\/damas.laiglesiadelacomunidad.com\/?attachment_id=10752\" rel=\"attachment wp-att-10752\"><img loading=\"lazy\" decoding=\"async\" class=\"alignnone size-full wp-image-10752\" src=\"http:\/\/damas.laiglesiadelacomunidad.com\/wp-content\/uploads\/2016\/03\/2016-03-06-22.43.15.jpg\" alt=\"2016-03-06 22.43.15\" width=\"960\" height=\"1280\" srcset=\"http:\/\/damas.laiglesiadelacomunidad.com\/wp-content\/uploads\/2016\/03\/2016-03-06-22.43.15.jpg 960w, http:\/\/damas.laiglesiadelacomunidad.com\/wp-content\/uploads\/2016\/03\/2016-03-06-22.43.15-225x300.jpg 225w, http:\/\/damas.laiglesiadelacomunidad.com\/wp-content\/uploads\/2016\/03\/2016-03-06-22.43.15-768x1024.jpg 768w\" sizes=\"(max-width: 960px) 100vw, 960px\" \/><\/a> <a href=\"http:\/\/damas.laiglesiadelacomunidad.com\/?attachment_id=10753\" rel=\"attachment wp-att-10753\"><img loading=\"lazy\" decoding=\"async\" class=\"alignnone size-full wp-image-10753\" src=\"http:\/\/damas.laiglesiadelacomunidad.com\/wp-content\/uploads\/2016\/03\/2016-03-06-22.43.19-e1457328025581.jpg\" alt=\"2016-03-06 22.43.19\" width=\"960\" height=\"1280\" srcset=\"http:\/\/damas.laiglesiadelacomunidad.com\/wp-content\/uploads\/2016\/03\/2016-03-06-22.43.19-e1457328025581.jpg 960w, http:\/\/damas.laiglesiadelacomunidad.com\/wp-content\/uploads\/2016\/03\/2016-03-06-22.43.19-e1457328025581-225x300.jpg 225w, http:\/\/damas.laiglesiadelacomunidad.com\/wp-content\/uploads\/2016\/03\/2016-03-06-22.43.19-e1457328025581-768x1024.jpg 768w\" sizes=\"(max-width: 960px) 100vw, 960px\" \/><\/a><\/strong><\/p>\n","protected":false},"excerpt":{"rendered":"<p>Gracias Se\u00f1or por ser tan bueno y misericordioso, gracias por darnos una noche tan linda, gracias por cada persona que trajiste hoy, gracias por todos los ni\u00f1os, gracias por los voluntarios, los m\u00fasicos y los cantantes, gracias por tan lindo ambiente. Gracias por Thiago y sus pap\u00e1s, por confiarnos parte de su formaci\u00f3n como cristiano &hellip; <a href=\"http:\/\/damas.laiglesiadelacomunidad.com\/?p=10732\" class=\"more-link\">Continue reading <span class=\"screen-reader-text\">Reuni\u00f3n domingo 6 de Marzo del 2016<\/span> <span class=\"meta-nav\">&rarr;<\/span><\/a><\/p>\n","protected":false},"author":2,"featured_media":0,"comment_status":"open","ping_status":"open","sticky":false,"template":"","format":"gallery","meta":{"footnotes":""},"categories":[7],"tags":[],"_links":{"self":[{"href":"http:\/\/damas.laiglesiadelacomunidad.com\/index.php?rest_route=\/wp\/v2\/posts\/10732"}],"collection":[{"href":"http:\/\/damas.laiglesiadelacomunidad.com\/index.php?rest_route=\/wp\/v2\/posts"}],"about":[{"href":"http:\/\/damas.laiglesiadelacomunidad.com\/index.php?rest_route=\/wp\/v2\/types\/post"}],"author":[{"embeddable":true,"href":"http:\/\/damas.laiglesiadelacomunidad.com\/index.php?rest_route=\/wp\/v2\/users\/2"}],"replies":[{"embeddable":true,"href":"http:\/\/damas.laiglesiadelacomunidad.com\/index.php?rest_route=%2Fwp%2Fv2%2Fcomments&post=10732"}],"version-history":[{"count":2,"href":"http:\/\/damas.laiglesiadelacomunidad.com\/index.php?rest_route=\/wp\/v2\/posts\/10732\/revisions"}],"predecessor-version":[{"id":10754,"href":"http:\/\/damas.laiglesiadelacomunidad.com\/index.php?rest_route=\/wp\/v2\/posts\/10732\/revisions\/10754"}],"wp:attachment":[{"href":"http:\/\/damas.laiglesiadelacomunidad.com\/index.php?rest_route=%2Fwp%2Fv2%2Fmedia&parent=10732"}],"wp:term":[{"taxonomy":"category","embeddable":true,"href":"http:\/\/damas.laiglesiadelacomunidad.com\/index.php?rest_route=%2Fwp%2Fv2%2Fcategories&post=10732"},{"taxonomy":"post_tag","embeddable":true,"href":"http:\/\/damas.laiglesiadelacomunidad.com\/index.php?rest_route=%2Fwp%2Fv2%2Ftags&post=10732"}],"curies":[{"name":"wp","href":"https:\/\/api.w.org\/{rel}","templated":true}]}}