{"id":10721,"date":"2016-03-02T23:10:59","date_gmt":"2016-03-03T05:10:59","guid":{"rendered":"http:\/\/damas.laiglesiadelacomunidad.com\/?p=10721"},"modified":"2016-03-03T23:14:58","modified_gmt":"2016-03-04T05:14:58","slug":"estudio-miercoles-2-de-marzo-del-2016","status":"publish","type":"post","link":"http:\/\/damas.laiglesiadelacomunidad.com\/?p=10721","title":{"rendered":"Estudio mi\u00e9rcoles 2 de Marzo del 2016"},"content":{"rendered":"<p>\u201cY publiqu\u00e9 ayuno all\u00ed junto al r\u00edo Ahava, para afligirnos delante de nuestro Dios, para solicitar de \u00e9l camino derecho para nosotros, y para nuestros ni\u00f1os, y para todos nuestros bienes. Porque tuve verg\u00fcenza de pedir al rey tropa y gente de a caballo que nos defendiesen del enemigo en el camino; porque hab\u00edamos hablado al rey, diciendo: La mano de nuestro Dios es para bien sobre todos los que le buscan; mas su poder y su furor contra todos los que le abandonan. Ayunamos, pues, y pedimos a nuestro Dios sobre esto, y \u00e9l nos fue propicio. Esdras\u202c \u202d8:21-23\u202c \u202dRVR1960\u202c\u202c<\/p>\n<p>\u201cPalabras de Nehem\u00edas hijo de Hacal\u00edas. Aconteci\u00f3 en el mes de Quisleu, en el a\u00f1o veinte, estando yo en Susa, capital del reino, que vino Hanani, uno de mis hermanos, con algunos varones de Jud\u00e1, y les pregunt\u00e9 por los jud\u00edos que hab\u00edan escapado, que hab\u00edan quedado de la cautividad, y por Jerusal\u00e9n. Y me dijeron: El remanente, los que quedaron de la cautividad, all\u00ed en la provincia, est\u00e1n en gran mal y afrenta, y el muro de Jerusal\u00e9n derribado, y sus puertas quemadas a fuego. Cuando o\u00ed estas palabras me sent\u00e9 y llor\u00e9, e hice duelo por algunos d\u00edas, y ayun\u00e9 y or\u00e9 delante del Dios de los cielos. Y dije: Te ruego, oh Jehov\u00e1, Dios de los cielos, fuerte, grande y temible, que guarda el pacto y la misericordia a los que le aman y guardan sus mandamientos; est\u00e9 ahora atento tu o\u00eddo y abiertos tus ojos para o\u00edr la oraci\u00f3n de tu siervo, que hago ahora delante de ti d\u00eda y noche, por los hijos de Israel tus siervos; y confieso los pecados de los hijos de Israel que hemos cometido contra ti; s\u00ed, yo y la casa de mi padre hemos pecado.\u201d\u202d\u202dNehem\u00edas\u202c \u202d1:1-6\u202c \u202dRVR1960\u202c\u202c<\/p>\n<p>\u201cClama a voz en cuello, no te detengas; alza tu voz como trompeta, y anuncia a mi pueblo su rebeli\u00f3n, y a la casa de Jacob su pecado. Que me buscan cada d\u00eda, y quieren saber mis caminos, como gente que hubiese hecho justicia, y que no hubiese dejado la ley de su Dios; me piden justos juicios, y quieren acercarse a Dios. \u00bfPor qu\u00e9, dicen, ayunamos, y no hiciste caso; humillamos nuestras almas, y no te diste por entendido? He aqu\u00ed que en el d\u00eda de vuestro ayuno busc\u00e1is vuestro propio gusto, y oprim\u00eds a todos vuestros trabajadores. He aqu\u00ed que para contiendas y debates ayun\u00e1is y para herir con el pu\u00f1o inicuamente; no ayun\u00e9is como hoy, para que vuestra voz sea o\u00edda en lo alto. \u00bfEs tal el ayuno que yo escog\u00ed, que de d\u00eda aflija el hombre su alma, que incline su cabeza como junco, y haga cama de cilicio y de ceniza? \u00bfLlamar\u00e9is esto ayuno, y d\u00eda agradable a Jehov\u00e1? \u00bfNo es m\u00e1s bien el ayuno que yo escog\u00ed, desatar las ligaduras de impiedad, soltar las cargas de opresi\u00f3n, y dejar ir libres a los quebrantados, y que romp\u00e1is todo yugo? \u00bfNo es que partas tu pan con el hambriento, y a los pobres errantes albergues en casa; que cuando veas al desnudo, lo cubras, y no te escondas de tu hermano? Entonces nacer\u00e1 tu luz como el alba, y tu salvaci\u00f3n se dejar\u00e1 ver pronto; e ir\u00e1 tu justicia delante de ti, y la gloria de Jehov\u00e1 ser\u00e1 tu retaguardia. Entonces invocar\u00e1s, y te oir\u00e1 Jehov\u00e1; clamar\u00e1s, y dir\u00e1 \u00e9l: Heme aqu\u00ed. Si quitares de en medio de ti el yugo, el dedo amenazador, y el hablar vanidad; y si dieres tu pan al hambriento, y saciares al alma afligida, en las tinieblas nacer\u00e1 tu luz, y tu oscuridad ser\u00e1 como el mediod\u00eda. Jehov\u00e1 te pastorear\u00e1 siempre, y en las sequ\u00edas saciar\u00e1 tu alma, y dar\u00e1 vigor a tus huesos; y ser\u00e1s como huerto de riego, y como manantial de aguas, cuyas aguas nunca faltan. Y los tuyos edificar\u00e1n las ruinas antiguas; los cimientos de generaci\u00f3n y generaci\u00f3n levantar\u00e1s, y ser\u00e1s llamado reparador de portillos, restaurador de calzadas para habitar.\u201d<br \/>\n\u202dIsa\u00edas\u202c \u202d58:1-12\u202c \u202dRVR1960\u202c\u202c<\/p>\n","protected":false},"excerpt":{"rendered":"<p>\u201cY publiqu\u00e9 ayuno all\u00ed junto al r\u00edo Ahava, para afligirnos delante de nuestro Dios, para solicitar de \u00e9l camino derecho para nosotros, y para nuestros ni\u00f1os, y para todos nuestros bienes. Porque tuve verg\u00fcenza de pedir al rey tropa y gente de a caballo que nos defendiesen del enemigo en el camino; porque hab\u00edamos hablado &hellip; <a href=\"http:\/\/damas.laiglesiadelacomunidad.com\/?p=10721\" class=\"more-link\">Continue reading <span class=\"screen-reader-text\">Estudio mi\u00e9rcoles 2 de Marzo del 2016<\/span> <span class=\"meta-nav\">&rarr;<\/span><\/a><\/p>\n","protected":false},"author":2,"featured_media":0,"comment_status":"open","ping_status":"open","sticky":false,"template":"","format":"gallery","meta":{"footnotes":""},"categories":[6],"tags":[],"_links":{"self":[{"href":"http:\/\/damas.laiglesiadelacomunidad.com\/index.php?rest_route=\/wp\/v2\/posts\/10721"}],"collection":[{"href":"http:\/\/damas.laiglesiadelacomunidad.com\/index.php?rest_route=\/wp\/v2\/posts"}],"about":[{"href":"http:\/\/damas.laiglesiadelacomunidad.com\/index.php?rest_route=\/wp\/v2\/types\/post"}],"author":[{"embeddable":true,"href":"http:\/\/damas.laiglesiadelacomunidad.com\/index.php?rest_route=\/wp\/v2\/users\/2"}],"replies":[{"embeddable":true,"href":"http:\/\/damas.laiglesiadelacomunidad.com\/index.php?rest_route=%2Fwp%2Fv2%2Fcomments&post=10721"}],"version-history":[{"count":1,"href":"http:\/\/damas.laiglesiadelacomunidad.com\/index.php?rest_route=\/wp\/v2\/posts\/10721\/revisions"}],"predecessor-version":[{"id":10722,"href":"http:\/\/damas.laiglesiadelacomunidad.com\/index.php?rest_route=\/wp\/v2\/posts\/10721\/revisions\/10722"}],"wp:attachment":[{"href":"http:\/\/damas.laiglesiadelacomunidad.com\/index.php?rest_route=%2Fwp%2Fv2%2Fmedia&parent=10721"}],"wp:term":[{"taxonomy":"category","embeddable":true,"href":"http:\/\/damas.laiglesiadelacomunidad.com\/index.php?rest_route=%2Fwp%2Fv2%2Fcategories&post=10721"},{"taxonomy":"post_tag","embeddable":true,"href":"http:\/\/damas.laiglesiadelacomunidad.com\/index.php?rest_route=%2Fwp%2Fv2%2Ftags&post=10721"}],"curies":[{"name":"wp","href":"https:\/\/api.w.org\/{rel}","templated":true}]}}