{"id":10687,"date":"2016-02-28T22:52:19","date_gmt":"2016-02-29T04:52:19","guid":{"rendered":"http:\/\/damas.laiglesiadelacomunidad.com\/?p=10687"},"modified":"2016-02-28T22:54:26","modified_gmt":"2016-02-29T04:54:26","slug":"reunion-domingo-28-de-feb-2016","status":"publish","type":"post","link":"http:\/\/damas.laiglesiadelacomunidad.com\/?p=10687","title":{"rendered":"Reuni\u00f3n domingo 28  de Feb. 2016"},"content":{"rendered":"<p>Gracias Se\u00f1or por todas las bondades que recibimos de Tu mano, gracias por darnos el querer y el hacer para trabajar en Tu Reino, gracias por cada persona que se congreg\u00f3 hoy y especialmente gracias por el gozo que nos das para reunirnos y para trabajar. Gracias por darnos esa armon\u00eda y unidad.<\/p>\n<p>El tema de hoy fue <strong>&#8220;los seguidores de Jes\u00fas ayunan&#8221;<\/strong> y la idea grande de hoy fue:<strong> &#8220;El seguidor de Jes\u00fas ayuna porque busca estar cerca de Dios&#8221;<\/strong> cada pr\u00e1ctica que Dios nos pide es d\u00edficil, ayunar no es la excepci\u00f3n, nos cuestra leer la Biblia, se nos olvida orar, nos gusta m\u00e1s la m\u00fasica secular que las alabanzas, no nos gusta congregarnos o ponemos excusas para hacerlo, se nos hace m\u00e1s f\u00e1cil leer una novela, hablar con una amiga, ir a visitar a nuestros parientes o amistades o ir de paseo, todo eso es m\u00e1s f\u00e1cil que hacer lo que Dios nos pide y el ayuno, dejar de comer no se queda atr\u00e1s, es super d\u00edficil tener la disc\u00edplina de hacerlo.<\/p>\n<p>Mientras Jes\u00fas estaba en esta tierra no nos pidi\u00f3 que ayunaramos, porque los disc\u00edpulos estaban en estrecha relaci\u00f3n con \u00c9l, pasaban en comuni\u00f3n con \u00c9l, escuchaban de su boca el evangelio, miraban los milagros que \u00c9l hacia, aprendian sus ense\u00f1anzas, pero Jes\u00fas nos di\u00f3 a enteder que sus seguidores ayunar\u00edan una vez que el ascendiera al cielo, una vez que \u00c9l ya no estuviera fis\u00edcamente entre nosotros. Ayunar es una de las pr\u00e1cticas que nos mantiene en estrecha unidad con el Padre, ayunamos porque queremos sentir su presencia, no ayunamos para manipular a Dios, al contrario lo hacemos para que \u00c9l nos moldee y nos haga ser m\u00e1s como Jes\u00fas y tener la comuni\u00f3n que Jes\u00fas ten\u00eda con \u00c9l.<\/p>\n<p><strong><span class=\"text Matt-9-14\"><sup class=\"versenum\">\u00a0<\/sup>Los disc\u00edpulos de Juan se le acercaron entonces, y le preguntaron: \u00ab\u00bfPor qu\u00e9 nosotros y los fariseos ayunamos muchas veces, y tus disc\u00edpulos no?\u00bb<\/span> <span id=\"es-RVC-23396\" class=\"text Matt-9-15\"><sup class=\"versenum\">\u00a0<\/sup>Jes\u00fas les respondi\u00f3: <span style=\"color: #ff0000;\">\u00ab\u00bfAcaso los invitados a una boda pueden estar de luto mientras el esposo est\u00e1 con ellos? \u00a1Claro que no! Pero vendr\u00e1n d\u00edas, cuando el esposo les ser\u00e1 quitado. Entonces ayunar\u00e1n.\u00bb<\/span><\/span><span id=\"es-RVC-23397\" class=\"text Matt-9-16\" style=\"color: #ff0000;\"> Nadie remienda un vestido viejo con un pa\u00f1o de tela nueva, porque la tela nueva estira la tela vieja, y la rotura se hace peor.<\/span><\/strong><span id=\"es-RVC-23398\" class=\"text Matt-9-17\"><span style=\"color: #ff0000;\"><strong><sup class=\"versenum\">\u00a0<\/sup>Ni tampoco se echa vino nuevo en odres viejos, porque el vino nuevo revienta los odres, y entonces el vino se derrama y los odres se echan a perder. M\u00e1s bien, el vino nuevo debe echarse en odres nuevos, y tanto lo uno como lo otro se conserva juntamente.<\/strong> <\/span>Mateo 9:14-17<\/span><\/p>\n<p><strong><span class=\"text Luke-5-33\">Entonces ellos le dijeron: \u00ab\u00bfPor qu\u00e9 los disc\u00edpulos de Juan y de los fariseos ayunan muchas veces, y hacen oraciones, mientras que los tuyos comen y beben?\u00bb<\/span> <span id=\"es-RVC-25143\" class=\"text Luke-5-34\">Jes\u00fas les dijo: <span style=\"color: #ff0000;\">\u00ab\u00bfAcaso ustedes pueden hacer que ayunen los invitados a una boda, mientras el novio est\u00e1 con ellos?<\/span><\/span><span style=\"color: #ff0000;\"><span id=\"es-RVC-25144\" class=\"text Luke-5-35\"><sup class=\"versenum\">\u00a0<\/sup>Llegar\u00e1 el d\u00eda en que el novio ya no estar\u00e1 con ellos. Entonces s\u00ed, ese d\u00eda, ayunar\u00e1n.\u00bb<\/span> <span id=\"es-RVC-25145\" class=\"text Luke-5-36\"><sup class=\"versenum\">\u00a0<\/sup><span style=\"color: #000000;\">Tambi\u00e9n les cont\u00f3 una par\u00e1bola:<\/span> \u00abNadie corta un retazo de un vestido nuevo para remendar un vestido viejo. Si lo hace, no solamente arruinar\u00e1 el vestido nuevo, sino que el remiendo no quedar\u00e1 bien en el vestido viejo.<\/span> <span id=\"es-RVC-25146\" class=\"text Luke-5-37\"><sup class=\"versenum\">\u00a0<\/sup>Ni tampoco se echa vino nuevo en odres viejos, porque el vino nuevo har\u00e1 que se revienten los odres; entonces el vino se derramar\u00e1, y los odres se echar\u00e1n a perder.<\/span> <span id=\"es-RVC-25147\" class=\"text Luke-5-38\"><sup class=\"versenum\">\u00a0<\/sup>El vino nuevo debe echarse en odres nuevos. As\u00ed, tanto el vino como los odres se conservan.<\/span> <\/span><\/strong><span id=\"es-RVC-25148\" class=\"text Luke-5-39\"><span style=\"color: #ff0000;\"><strong>Y nadie que haya bebido el vino a\u00f1ejo, quiere beber el nuevo, porque dice: \u201cEl vino a\u00f1ejo es mejor.\u201d\u00bb<\/strong> <\/span>Lucas 5:33-39<\/span><\/p>\n<p>Gracias de nuevo Se\u00f1or por la noche que nos diste hoy, te pedimos que nos ayudes a tener una relaci\u00f3n \u00edntima contigo, que nos pongas en nuestros corazones el deseo de amarte y de seguirte, que nos des nos solo es deseo si no el hacer de leer Tu Palabra, orar, ayunar, de adorarte y de congregarnos, que no pongamos excusas para hacerlo, que solo digamos\u00a0S\u00ed a Tu llamado, te lo pedimos en nombre de Jesucristo nuestro Se\u00f1or, am\u00e9n.<\/p>\n<p>Las quiero mucho, que tengan una excelente semana. Dios las bendiga.<\/p>\n<p>Jackie C.<\/p>\n<p><a href=\"http:\/\/damas.laiglesiadelacomunidad.com\/?attachment_id=10690\" rel=\"attachment wp-att-10690\"><img loading=\"lazy\" decoding=\"async\" class=\"alignnone size-full wp-image-10690\" src=\"http:\/\/damas.laiglesiadelacomunidad.com\/wp-content\/uploads\/2016\/02\/2016-02-28-22.11.41.jpg\" alt=\"2016-02-28 22.11.41\" width=\"960\" height=\"1280\" srcset=\"http:\/\/damas.laiglesiadelacomunidad.com\/wp-content\/uploads\/2016\/02\/2016-02-28-22.11.41.jpg 960w, http:\/\/damas.laiglesiadelacomunidad.com\/wp-content\/uploads\/2016\/02\/2016-02-28-22.11.41-225x300.jpg 225w, http:\/\/damas.laiglesiadelacomunidad.com\/wp-content\/uploads\/2016\/02\/2016-02-28-22.11.41-768x1024.jpg 768w\" sizes=\"(max-width: 960px) 100vw, 960px\" \/><\/a> <a href=\"http:\/\/damas.laiglesiadelacomunidad.com\/?attachment_id=10691\" rel=\"attachment wp-att-10691\"><img loading=\"lazy\" decoding=\"async\" class=\"alignnone size-full wp-image-10691\" src=\"http:\/\/damas.laiglesiadelacomunidad.com\/wp-content\/uploads\/2016\/02\/2016-02-28-22.11.45.jpg\" alt=\"2016-02-28 22.11.45\" width=\"960\" height=\"1280\" srcset=\"http:\/\/damas.laiglesiadelacomunidad.com\/wp-content\/uploads\/2016\/02\/2016-02-28-22.11.45.jpg 960w, http:\/\/damas.laiglesiadelacomunidad.com\/wp-content\/uploads\/2016\/02\/2016-02-28-22.11.45-225x300.jpg 225w, http:\/\/damas.laiglesiadelacomunidad.com\/wp-content\/uploads\/2016\/02\/2016-02-28-22.11.45-768x1024.jpg 768w\" sizes=\"(max-width: 960px) 100vw, 960px\" \/><\/a> <a href=\"http:\/\/damas.laiglesiadelacomunidad.com\/?attachment_id=10693\" rel=\"attachment wp-att-10693\"><img loading=\"lazy\" decoding=\"async\" class=\"alignnone size-full wp-image-10693\" src=\"http:\/\/damas.laiglesiadelacomunidad.com\/wp-content\/uploads\/2016\/02\/2016-02-28-22.11.54.jpg\" alt=\"2016-02-28 22.11.54\" width=\"1200\" height=\"1600\" srcset=\"http:\/\/damas.laiglesiadelacomunidad.com\/wp-content\/uploads\/2016\/02\/2016-02-28-22.11.54.jpg 1200w, http:\/\/damas.laiglesiadelacomunidad.com\/wp-content\/uploads\/2016\/02\/2016-02-28-22.11.54-225x300.jpg 225w, http:\/\/damas.laiglesiadelacomunidad.com\/wp-content\/uploads\/2016\/02\/2016-02-28-22.11.54-768x1024.jpg 768w\" sizes=\"(max-width: 1200px) 100vw, 1200px\" \/><\/a> <a href=\"http:\/\/damas.laiglesiadelacomunidad.com\/?attachment_id=10695\" rel=\"attachment wp-att-10695\"><img loading=\"lazy\" decoding=\"async\" class=\"alignnone size-full wp-image-10695\" src=\"http:\/\/damas.laiglesiadelacomunidad.com\/wp-content\/uploads\/2016\/02\/2016-02-28-22.12.00.jpg\" alt=\"2016-02-28 22.12.00\" width=\"1200\" height=\"1600\" srcset=\"http:\/\/damas.laiglesiadelacomunidad.com\/wp-content\/uploads\/2016\/02\/2016-02-28-22.12.00.jpg 1200w, http:\/\/damas.laiglesiadelacomunidad.com\/wp-content\/uploads\/2016\/02\/2016-02-28-22.12.00-225x300.jpg 225w, http:\/\/damas.laiglesiadelacomunidad.com\/wp-content\/uploads\/2016\/02\/2016-02-28-22.12.00-768x1024.jpg 768w\" sizes=\"(max-width: 1200px) 100vw, 1200px\" \/><\/a> <a href=\"http:\/\/damas.laiglesiadelacomunidad.com\/?attachment_id=10696\" rel=\"attachment wp-att-10696\"><img loading=\"lazy\" decoding=\"async\" class=\"alignnone size-full wp-image-10696\" src=\"http:\/\/damas.laiglesiadelacomunidad.com\/wp-content\/uploads\/2016\/02\/2016-02-28-22.12.03.jpg\" alt=\"2016-02-28 22.12.03\" width=\"1200\" height=\"1600\" srcset=\"http:\/\/damas.laiglesiadelacomunidad.com\/wp-content\/uploads\/2016\/02\/2016-02-28-22.12.03.jpg 1200w, http:\/\/damas.laiglesiadelacomunidad.com\/wp-content\/uploads\/2016\/02\/2016-02-28-22.12.03-225x300.jpg 225w, http:\/\/damas.laiglesiadelacomunidad.com\/wp-content\/uploads\/2016\/02\/2016-02-28-22.12.03-768x1024.jpg 768w\" sizes=\"(max-width: 1200px) 100vw, 1200px\" \/><\/a> <a href=\"http:\/\/damas.laiglesiadelacomunidad.com\/?attachment_id=10697\" rel=\"attachment wp-att-10697\"><img loading=\"lazy\" decoding=\"async\" class=\"alignnone size-full wp-image-10697\" src=\"http:\/\/damas.laiglesiadelacomunidad.com\/wp-content\/uploads\/2016\/02\/2016-02-28-22.12.08.jpg\" alt=\"2016-02-28 22.12.08\" width=\"1200\" height=\"1600\" srcset=\"http:\/\/damas.laiglesiadelacomunidad.com\/wp-content\/uploads\/2016\/02\/2016-02-28-22.12.08.jpg 1200w, http:\/\/damas.laiglesiadelacomunidad.com\/wp-content\/uploads\/2016\/02\/2016-02-28-22.12.08-225x300.jpg 225w, http:\/\/damas.laiglesiadelacomunidad.com\/wp-content\/uploads\/2016\/02\/2016-02-28-22.12.08-768x1024.jpg 768w\" sizes=\"(max-width: 1200px) 100vw, 1200px\" \/><\/a> <a href=\"http:\/\/damas.laiglesiadelacomunidad.com\/?attachment_id=10698\" rel=\"attachment wp-att-10698\"><img loading=\"lazy\" decoding=\"async\" class=\"alignnone size-full wp-image-10698\" src=\"http:\/\/damas.laiglesiadelacomunidad.com\/wp-content\/uploads\/2016\/02\/2016-02-28-22.12.11.jpg\" alt=\"2016-02-28 22.12.11\" width=\"1200\" height=\"1600\" srcset=\"http:\/\/damas.laiglesiadelacomunidad.com\/wp-content\/uploads\/2016\/02\/2016-02-28-22.12.11.jpg 1200w, http:\/\/damas.laiglesiadelacomunidad.com\/wp-content\/uploads\/2016\/02\/2016-02-28-22.12.11-225x300.jpg 225w, http:\/\/damas.laiglesiadelacomunidad.com\/wp-content\/uploads\/2016\/02\/2016-02-28-22.12.11-768x1024.jpg 768w\" sizes=\"(max-width: 1200px) 100vw, 1200px\" \/><\/a> <a href=\"http:\/\/damas.laiglesiadelacomunidad.com\/?attachment_id=10699\" rel=\"attachment wp-att-10699\"><img loading=\"lazy\" decoding=\"async\" class=\"alignnone size-full wp-image-10699\" src=\"http:\/\/damas.laiglesiadelacomunidad.com\/wp-content\/uploads\/2016\/02\/2016-02-28-22.12.16.jpg\" alt=\"2016-02-28 22.12.16\" width=\"1200\" height=\"1600\" srcset=\"http:\/\/damas.laiglesiadelacomunidad.com\/wp-content\/uploads\/2016\/02\/2016-02-28-22.12.16.jpg 1200w, http:\/\/damas.laiglesiadelacomunidad.com\/wp-content\/uploads\/2016\/02\/2016-02-28-22.12.16-225x300.jpg 225w, http:\/\/damas.laiglesiadelacomunidad.com\/wp-content\/uploads\/2016\/02\/2016-02-28-22.12.16-768x1024.jpg 768w\" sizes=\"(max-width: 1200px) 100vw, 1200px\" \/><\/a> <a href=\"http:\/\/damas.laiglesiadelacomunidad.com\/?attachment_id=10700\" rel=\"attachment wp-att-10700\"><img loading=\"lazy\" decoding=\"async\" class=\"alignnone size-full wp-image-10700\" src=\"http:\/\/damas.laiglesiadelacomunidad.com\/wp-content\/uploads\/2016\/02\/2016-02-28-22.12.18.jpg\" alt=\"2016-02-28 22.12.18\" width=\"1200\" height=\"1600\" srcset=\"http:\/\/damas.laiglesiadelacomunidad.com\/wp-content\/uploads\/2016\/02\/2016-02-28-22.12.18.jpg 1200w, http:\/\/damas.laiglesiadelacomunidad.com\/wp-content\/uploads\/2016\/02\/2016-02-28-22.12.18-225x300.jpg 225w, http:\/\/damas.laiglesiadelacomunidad.com\/wp-content\/uploads\/2016\/02\/2016-02-28-22.12.18-768x1024.jpg 768w\" sizes=\"(max-width: 1200px) 100vw, 1200px\" \/><\/a> <a href=\"http:\/\/damas.laiglesiadelacomunidad.com\/?attachment_id=10701\" rel=\"attachment wp-att-10701\"><img loading=\"lazy\" decoding=\"async\" class=\"alignnone size-full wp-image-10701\" src=\"http:\/\/damas.laiglesiadelacomunidad.com\/wp-content\/uploads\/2016\/02\/2016-02-28-22.12.22.jpg\" alt=\"2016-02-28 22.12.22\" width=\"1200\" height=\"1600\" srcset=\"http:\/\/damas.laiglesiadelacomunidad.com\/wp-content\/uploads\/2016\/02\/2016-02-28-22.12.22.jpg 1200w, http:\/\/damas.laiglesiadelacomunidad.com\/wp-content\/uploads\/2016\/02\/2016-02-28-22.12.22-225x300.jpg 225w, http:\/\/damas.laiglesiadelacomunidad.com\/wp-content\/uploads\/2016\/02\/2016-02-28-22.12.22-768x1024.jpg 768w\" sizes=\"(max-width: 1200px) 100vw, 1200px\" \/><\/a> <a href=\"http:\/\/damas.laiglesiadelacomunidad.com\/?attachment_id=10702\" rel=\"attachment wp-att-10702\"><img loading=\"lazy\" decoding=\"async\" class=\"alignnone size-full wp-image-10702\" src=\"http:\/\/damas.laiglesiadelacomunidad.com\/wp-content\/uploads\/2016\/02\/2016-02-28-22.12.26.jpg\" alt=\"2016-02-28 22.12.26\" width=\"1200\" height=\"1600\" srcset=\"http:\/\/damas.laiglesiadelacomunidad.com\/wp-content\/uploads\/2016\/02\/2016-02-28-22.12.26.jpg 1200w, http:\/\/damas.laiglesiadelacomunidad.com\/wp-content\/uploads\/2016\/02\/2016-02-28-22.12.26-225x300.jpg 225w, http:\/\/damas.laiglesiadelacomunidad.com\/wp-content\/uploads\/2016\/02\/2016-02-28-22.12.26-768x1024.jpg 768w\" sizes=\"(max-width: 1200px) 100vw, 1200px\" \/><\/a> <a href=\"http:\/\/damas.laiglesiadelacomunidad.com\/?attachment_id=10703\" rel=\"attachment wp-att-10703\"><img loading=\"lazy\" decoding=\"async\" class=\"alignnone size-full wp-image-10703\" src=\"http:\/\/damas.laiglesiadelacomunidad.com\/wp-content\/uploads\/2016\/02\/2016-02-28-22.12.29.jpg\" alt=\"2016-02-28 22.12.29\" width=\"1200\" height=\"1600\" srcset=\"http:\/\/damas.laiglesiadelacomunidad.com\/wp-content\/uploads\/2016\/02\/2016-02-28-22.12.29.jpg 1200w, http:\/\/damas.laiglesiadelacomunidad.com\/wp-content\/uploads\/2016\/02\/2016-02-28-22.12.29-225x300.jpg 225w, http:\/\/damas.laiglesiadelacomunidad.com\/wp-content\/uploads\/2016\/02\/2016-02-28-22.12.29-768x1024.jpg 768w\" sizes=\"(max-width: 1200px) 100vw, 1200px\" \/><\/a><\/p>\n<p>&nbsp;<\/p>\n","protected":false},"excerpt":{"rendered":"<p>Gracias Se\u00f1or por todas las bondades que recibimos de Tu mano, gracias por darnos el querer y el hacer para trabajar en Tu Reino, gracias por cada persona que se congreg\u00f3 hoy y especialmente gracias por el gozo que nos das para reunirnos y para trabajar. Gracias por darnos esa armon\u00eda y unidad. El tema &hellip; <a href=\"http:\/\/damas.laiglesiadelacomunidad.com\/?p=10687\" class=\"more-link\">Continue reading <span class=\"screen-reader-text\">Reuni\u00f3n domingo 28  de Feb. 2016<\/span> <span class=\"meta-nav\">&rarr;<\/span><\/a><\/p>\n","protected":false},"author":2,"featured_media":0,"comment_status":"open","ping_status":"open","sticky":false,"template":"","format":"gallery","meta":{"footnotes":""},"categories":[7],"tags":[],"_links":{"self":[{"href":"http:\/\/damas.laiglesiadelacomunidad.com\/index.php?rest_route=\/wp\/v2\/posts\/10687"}],"collection":[{"href":"http:\/\/damas.laiglesiadelacomunidad.com\/index.php?rest_route=\/wp\/v2\/posts"}],"about":[{"href":"http:\/\/damas.laiglesiadelacomunidad.com\/index.php?rest_route=\/wp\/v2\/types\/post"}],"author":[{"embeddable":true,"href":"http:\/\/damas.laiglesiadelacomunidad.com\/index.php?rest_route=\/wp\/v2\/users\/2"}],"replies":[{"embeddable":true,"href":"http:\/\/damas.laiglesiadelacomunidad.com\/index.php?rest_route=%2Fwp%2Fv2%2Fcomments&post=10687"}],"version-history":[{"count":5,"href":"http:\/\/damas.laiglesiadelacomunidad.com\/index.php?rest_route=\/wp\/v2\/posts\/10687\/revisions"}],"predecessor-version":[{"id":10706,"href":"http:\/\/damas.laiglesiadelacomunidad.com\/index.php?rest_route=\/wp\/v2\/posts\/10687\/revisions\/10706"}],"wp:attachment":[{"href":"http:\/\/damas.laiglesiadelacomunidad.com\/index.php?rest_route=%2Fwp%2Fv2%2Fmedia&parent=10687"}],"wp:term":[{"taxonomy":"category","embeddable":true,"href":"http:\/\/damas.laiglesiadelacomunidad.com\/index.php?rest_route=%2Fwp%2Fv2%2Fcategories&post=10687"},{"taxonomy":"post_tag","embeddable":true,"href":"http:\/\/damas.laiglesiadelacomunidad.com\/index.php?rest_route=%2Fwp%2Fv2%2Ftags&post=10687"}],"curies":[{"name":"wp","href":"https:\/\/api.w.org\/{rel}","templated":true}]}}