{"id":10641,"date":"2016-02-21T22:55:14","date_gmt":"2016-02-22T04:55:14","guid":{"rendered":"http:\/\/damas.laiglesiadelacomunidad.com\/?p=10641"},"modified":"2016-02-21T23:29:05","modified_gmt":"2016-02-22T05:29:05","slug":"reunion-domingo-21-de-febrero-del-2016","status":"publish","type":"post","link":"http:\/\/damas.laiglesiadelacomunidad.com\/?p=10641","title":{"rendered":"Reuni\u00f3n domingo 21 de Febrero del 2016"},"content":{"rendered":"<p>Gracias de nuevo Padre por darnos otra linda noche, gracias por todas las personas que trajiste hoy, gracias por cada uno de los voluntarios, por los m\u00fasicos y por la maestra, gracias por darnos el querer y el hacer para servirte Padre.<\/p>\n<p>El tema de hoy me toco much\u00edsimo porque confieso que a veces yo hago lo que hacen los fariseos y mi tentaci\u00f3n es meterme en una burbuja Cristiana, para evitar que hablen mal de mi, para evitar la cr\u00edtica, para no ser se\u00f1alada por &#8220;cristianos&#8221; de otras iglesias, etc. El tema de hoy fue: <strong>&#8220;Llevarse con pecadores&#8221;<\/strong> y la idea grande de hoy fue: <strong>&#8220;El seguidor de Cristo se lleva con personas que todav\u00eda no han tomado la decisi\u00f3n de seguir a Jes\u00fas&#8221;\u00a0<\/strong>Como seguidores de Cristo tenemos la tendencia de apartarnos del mundo secular, de vivir en una burbuja Cristiana o religiosa, o a veces tenemos las buenas intenciones de compartir el evangelio pero nos sentimos orgullosos de ser Cristianos y usamos frases como &#8220;los no cristianos no entienden porque no tienen lo que yo tengo&#8221; y los hacemos a un lado y nos apartamos y regresamos a vivir en nuestra burbuja cristiana donde yo creo el ambiente perfecto para mi, donde nadie me cr\u00edtica, donde todo el mundo me admira, donde los dem\u00e1s religiosos me aceptan por cumplir leyes y reglas humanas que no vienen de Dios.<\/p>\n<p>En la ense\u00f1anza de hoy vimos como Jes\u00fas nos ense\u00f1a a llevarnos no solo con sus seguidores pero tambi\u00e9n y especialmente con los que no han tomado la decisi\u00f3n de seguirle por arrepentirse y bautizarse. Jes\u00fas nos da la libertad de llevarnos en cualquier ambiente siempre y cuando sea para ayudar a otros a seguirle, y no s\u00f3lo nos da esa libertad sino que nos da la fuerza, la sabidur\u00eda y la madurez para no caer en la tentaci\u00f3n. Nosotros por nuestra parte tenemos que prepararnos para estar en ambientes donde podemos caer en tentaci\u00f3n, por orar y ayunar, por pedirle a Dios que nos llene de Su Esp\u00edritu, por llenarnos de Su Palabra a diario de d\u00eda y noche, por memorizar vers\u00edculos de luchador, por pedirle a nuestros hermanos que oren por nosotros, por resistir a Satan\u00e1s, por pedirle al Esp\u00edritu Santo que nos d\u00e9 dominio propio.<\/p>\n<p>No seamos como los fariseos, no nos metamos en la burbuja religiosa, eso no nos va a llevar a ning\u00fan lado , ni a nosotros ni a las personas que estan lejos de Dios.<\/p>\n<p><strong><span class=\"text Matt-9-9\">Al irse de all\u00ed, Jes\u00fas vio a un hombre llamado Mateo, sentado a la mesa de recaudaci\u00f3n de impuestos. <span style=\"color: #ff0000;\">\u00abS\u00edgueme\u00bb<\/span>, le dijo. Mateo se levant\u00f3 y lo sigui\u00f3.\u00a0<\/span><span id=\"es-NVI-23366\" class=\"text Matt-9-10\">Mientras Jes\u00fas estaba comiendo en casa de Mateo, muchos recaudadores de impuestos y pecadores llegaron y comieron con \u00e9l y sus disc\u00edpulos.<\/span> <span id=\"es-NVI-23367\" class=\"text Matt-9-11\">Cuando los fariseos vieron esto, les preguntaron a sus disc\u00edpulos:\u00a0<\/span><span class=\"text Matt-9-11\">\u2014\u00bfPor qu\u00e9 come su maestro con recaudadores de impuestos y con pecadores?<\/span><span id=\"es-NVI-23368\" class=\"text Matt-9-12\">Al o\u00edr esto, Jes\u00fas les contest\u00f3:\u00a0<\/span><span class=\"text Matt-9-12\">\u2014<span style=\"color: #ff0000;\">No son los sanos los que necesitan m\u00e9dico sino los enfermos.<\/span><\/span> <\/strong><span id=\"es-NVI-23369\" class=\"text Matt-9-13\"><strong><span style=\"color: #ff0000;\"><sup class=\"versenum\">\u00a0<\/sup>Pero vayan y aprendan lo que significa: \u201cLo que pido de ustedes es misericordia y no sacrificios.\u201d Porque no he venido a llamar a justos sino a pecadores.<\/span><\/strong> Mateo 9:9-13<\/span><\/p>\n<p><strong><span class=\"text Luke-5-27\">Despu\u00e9s de esto sali\u00f3 Jes\u00fas y se fij\u00f3 en un recaudador de impuestos llamado Lev\u00ed, sentado a la mesa donde cobraba.<\/span><span class=\"text Luke-5-27\">\u2014<span style=\"color: #ff0000;\">S\u00edgueme<\/span> \u2014le dijo Jes\u00fas.\u00a0<\/span><span id=\"es-NVI-25102\" class=\"text Luke-5-28\">Y Lev\u00ed se levant\u00f3, lo dej\u00f3 todo y lo sigui\u00f3.<\/span><span id=\"es-NVI-25103\" class=\"text Luke-5-29\"><sup class=\"versenum\">\u00a0<\/sup>Luego Lev\u00ed le ofreci\u00f3 a Jes\u00fas un gran banquete en su casa, y hab\u00eda all\u00ed un grupo numeroso de recaudadores de impuestos y otras personas que estaban comiendo con ellos.<\/span> <span id=\"es-NVI-25104\" class=\"text Luke-5-30\"><sup class=\"versenum\">\u00a0<\/sup>Pero los fariseos y los maestros de la ley que eran de la misma secta les reclamaban a los disc\u00edpulos de Jes\u00fas:<\/span><span class=\"text Luke-5-30\">\u2014\u00bfPor qu\u00e9 comen y beben ustedes con recaudadores de impuestos y pecadores?<\/span><span id=\"es-NVI-25105\" class=\"text Luke-5-31\"><sup class=\"versenum\">\u00a0<\/sup>\u2014<span style=\"color: #ff0000;\">No son los sanos los que necesitan m\u00e9dico sino los enfermos<\/span> \u2014les contest\u00f3 Jes\u00fas\u2014.<\/span> <\/strong><span id=\"es-NVI-25106\" class=\"text Luke-5-32\"><strong><span style=\"color: #ff0000;\">No he venido a llamar a justos sino a pecadores para que se arrepientan<\/span>.<\/strong> Lucas 5:27-32<\/span><\/p>\n<p>De nuevo gracias Se\u00f1or por abrir nuestros ojos a lo que tu quieres de nosotros, te pedimos Se\u00f1or que nos des todo lo necesario para ayudar a otros a concerte y a tomar la decisi\u00f3n de seguirte, que nos des dominio propio y nos ayudes a mantenernos firmes, te pido que nos ense\u00f1es a tener misericordia con los que a\u00fan no te conocen, te lo pedimos en nombre de Jesucristo nuestro Se\u00f1or, am\u00e9n.<\/p>\n<p>Que tengan una excelente semana, las quiero mucho \ud83d\ude42<\/p>\n<p>Jackie C.<\/p>\n<p><a href=\"http:\/\/damas.laiglesiadelacomunidad.com\/?attachment_id=10642\" rel=\"attachment wp-att-10642\"><img loading=\"lazy\" decoding=\"async\" class=\"alignnone size-full wp-image-10642\" src=\"http:\/\/damas.laiglesiadelacomunidad.com\/wp-content\/uploads\/2016\/02\/2016-02-21-22.10.56.jpg\" alt=\"2016-02-21 22.10.56\" width=\"1200\" height=\"1600\" srcset=\"http:\/\/damas.laiglesiadelacomunidad.com\/wp-content\/uploads\/2016\/02\/2016-02-21-22.10.56.jpg 1200w, http:\/\/damas.laiglesiadelacomunidad.com\/wp-content\/uploads\/2016\/02\/2016-02-21-22.10.56-225x300.jpg 225w, http:\/\/damas.laiglesiadelacomunidad.com\/wp-content\/uploads\/2016\/02\/2016-02-21-22.10.56-768x1024.jpg 768w\" sizes=\"(max-width: 1200px) 100vw, 1200px\" \/><\/a> <a href=\"http:\/\/damas.laiglesiadelacomunidad.com\/?attachment_id=10643\" rel=\"attachment wp-att-10643\"><img loading=\"lazy\" decoding=\"async\" class=\"alignnone size-full wp-image-10643\" src=\"http:\/\/damas.laiglesiadelacomunidad.com\/wp-content\/uploads\/2016\/02\/2016-02-21-22.11.00.jpg\" alt=\"2016-02-21 22.11.00\" width=\"1200\" height=\"1600\" srcset=\"http:\/\/damas.laiglesiadelacomunidad.com\/wp-content\/uploads\/2016\/02\/2016-02-21-22.11.00.jpg 1200w, http:\/\/damas.laiglesiadelacomunidad.com\/wp-content\/uploads\/2016\/02\/2016-02-21-22.11.00-225x300.jpg 225w, http:\/\/damas.laiglesiadelacomunidad.com\/wp-content\/uploads\/2016\/02\/2016-02-21-22.11.00-768x1024.jpg 768w\" sizes=\"(max-width: 1200px) 100vw, 1200px\" \/><\/a> <a href=\"http:\/\/damas.laiglesiadelacomunidad.com\/?attachment_id=10644\" rel=\"attachment wp-att-10644\"><img loading=\"lazy\" decoding=\"async\" class=\"alignnone size-full wp-image-10644\" src=\"http:\/\/damas.laiglesiadelacomunidad.com\/wp-content\/uploads\/2016\/02\/2016-02-21-22.11.04.jpg\" alt=\"2016-02-21 22.11.04\" width=\"1200\" height=\"1600\" srcset=\"http:\/\/damas.laiglesiadelacomunidad.com\/wp-content\/uploads\/2016\/02\/2016-02-21-22.11.04.jpg 1200w, http:\/\/damas.laiglesiadelacomunidad.com\/wp-content\/uploads\/2016\/02\/2016-02-21-22.11.04-225x300.jpg 225w, http:\/\/damas.laiglesiadelacomunidad.com\/wp-content\/uploads\/2016\/02\/2016-02-21-22.11.04-768x1024.jpg 768w\" sizes=\"(max-width: 1200px) 100vw, 1200px\" \/><\/a> <a href=\"http:\/\/damas.laiglesiadelacomunidad.com\/?attachment_id=10645\" rel=\"attachment wp-att-10645\"><img loading=\"lazy\" decoding=\"async\" class=\"alignnone size-full wp-image-10645\" src=\"http:\/\/damas.laiglesiadelacomunidad.com\/wp-content\/uploads\/2016\/02\/2016-02-21-22.11.13.jpg\" alt=\"2016-02-21 22.11.13\" width=\"1200\" height=\"1600\" srcset=\"http:\/\/damas.laiglesiadelacomunidad.com\/wp-content\/uploads\/2016\/02\/2016-02-21-22.11.13.jpg 1200w, http:\/\/damas.laiglesiadelacomunidad.com\/wp-content\/uploads\/2016\/02\/2016-02-21-22.11.13-225x300.jpg 225w, http:\/\/damas.laiglesiadelacomunidad.com\/wp-content\/uploads\/2016\/02\/2016-02-21-22.11.13-768x1024.jpg 768w\" sizes=\"(max-width: 1200px) 100vw, 1200px\" \/><\/a> <a href=\"http:\/\/damas.laiglesiadelacomunidad.com\/?attachment_id=10646\" rel=\"attachment wp-att-10646\"><img loading=\"lazy\" decoding=\"async\" class=\"alignnone size-full wp-image-10646\" src=\"http:\/\/damas.laiglesiadelacomunidad.com\/wp-content\/uploads\/2016\/02\/2016-02-21-22.11.19.jpg\" alt=\"2016-02-21 22.11.19\" width=\"1200\" height=\"1600\" srcset=\"http:\/\/damas.laiglesiadelacomunidad.com\/wp-content\/uploads\/2016\/02\/2016-02-21-22.11.19.jpg 1200w, http:\/\/damas.laiglesiadelacomunidad.com\/wp-content\/uploads\/2016\/02\/2016-02-21-22.11.19-225x300.jpg 225w, http:\/\/damas.laiglesiadelacomunidad.com\/wp-content\/uploads\/2016\/02\/2016-02-21-22.11.19-768x1024.jpg 768w\" sizes=\"(max-width: 1200px) 100vw, 1200px\" \/><\/a> <a href=\"http:\/\/damas.laiglesiadelacomunidad.com\/?attachment_id=10647\" rel=\"attachment wp-att-10647\"><img loading=\"lazy\" decoding=\"async\" class=\"alignnone size-full wp-image-10647\" src=\"http:\/\/damas.laiglesiadelacomunidad.com\/wp-content\/uploads\/2016\/02\/2016-02-21-22.11.44.jpg\" alt=\"2016-02-21 22.11.44\" width=\"1200\" height=\"1600\" srcset=\"http:\/\/damas.laiglesiadelacomunidad.com\/wp-content\/uploads\/2016\/02\/2016-02-21-22.11.44.jpg 1200w, http:\/\/damas.laiglesiadelacomunidad.com\/wp-content\/uploads\/2016\/02\/2016-02-21-22.11.44-225x300.jpg 225w, http:\/\/damas.laiglesiadelacomunidad.com\/wp-content\/uploads\/2016\/02\/2016-02-21-22.11.44-768x1024.jpg 768w\" sizes=\"(max-width: 1200px) 100vw, 1200px\" \/><\/a> <a href=\"http:\/\/damas.laiglesiadelacomunidad.com\/?attachment_id=10648\" rel=\"attachment wp-att-10648\"><img loading=\"lazy\" decoding=\"async\" class=\"alignnone size-full wp-image-10648\" src=\"http:\/\/damas.laiglesiadelacomunidad.com\/wp-content\/uploads\/2016\/02\/2016-02-21-22.11.48.jpg\" alt=\"2016-02-21 22.11.48\" width=\"1200\" height=\"1600\" srcset=\"http:\/\/damas.laiglesiadelacomunidad.com\/wp-content\/uploads\/2016\/02\/2016-02-21-22.11.48.jpg 1200w, http:\/\/damas.laiglesiadelacomunidad.com\/wp-content\/uploads\/2016\/02\/2016-02-21-22.11.48-225x300.jpg 225w, http:\/\/damas.laiglesiadelacomunidad.com\/wp-content\/uploads\/2016\/02\/2016-02-21-22.11.48-768x1024.jpg 768w\" sizes=\"(max-width: 1200px) 100vw, 1200px\" \/><\/a> <a href=\"http:\/\/damas.laiglesiadelacomunidad.com\/?attachment_id=10649\" rel=\"attachment wp-att-10649\"><img loading=\"lazy\" decoding=\"async\" class=\"alignnone size-full wp-image-10649\" src=\"http:\/\/damas.laiglesiadelacomunidad.com\/wp-content\/uploads\/2016\/02\/2016-02-21-22.12.00.jpg\" alt=\"2016-02-21 22.12.00\" width=\"1200\" height=\"1600\" srcset=\"http:\/\/damas.laiglesiadelacomunidad.com\/wp-content\/uploads\/2016\/02\/2016-02-21-22.12.00.jpg 1200w, http:\/\/damas.laiglesiadelacomunidad.com\/wp-content\/uploads\/2016\/02\/2016-02-21-22.12.00-225x300.jpg 225w, http:\/\/damas.laiglesiadelacomunidad.com\/wp-content\/uploads\/2016\/02\/2016-02-21-22.12.00-768x1024.jpg 768w\" sizes=\"(max-width: 1200px) 100vw, 1200px\" \/><\/a> <a href=\"http:\/\/damas.laiglesiadelacomunidad.com\/?attachment_id=10650\" rel=\"attachment wp-att-10650\"><img loading=\"lazy\" decoding=\"async\" class=\"alignnone size-full wp-image-10650\" src=\"http:\/\/damas.laiglesiadelacomunidad.com\/wp-content\/uploads\/2016\/02\/2016-02-21-22.12.07.jpg\" alt=\"2016-02-21 22.12.07\" width=\"1200\" height=\"1600\" srcset=\"http:\/\/damas.laiglesiadelacomunidad.com\/wp-content\/uploads\/2016\/02\/2016-02-21-22.12.07.jpg 1200w, http:\/\/damas.laiglesiadelacomunidad.com\/wp-content\/uploads\/2016\/02\/2016-02-21-22.12.07-225x300.jpg 225w, http:\/\/damas.laiglesiadelacomunidad.com\/wp-content\/uploads\/2016\/02\/2016-02-21-22.12.07-768x1024.jpg 768w\" sizes=\"(max-width: 1200px) 100vw, 1200px\" \/><\/a> <a href=\"http:\/\/damas.laiglesiadelacomunidad.com\/?attachment_id=10651\" rel=\"attachment wp-att-10651\"><img loading=\"lazy\" decoding=\"async\" class=\"alignnone size-full wp-image-10651\" src=\"http:\/\/damas.laiglesiadelacomunidad.com\/wp-content\/uploads\/2016\/02\/2016-02-21-22.12.20.jpg\" alt=\"2016-02-21 22.12.20\" width=\"1200\" height=\"1600\" srcset=\"http:\/\/damas.laiglesiadelacomunidad.com\/wp-content\/uploads\/2016\/02\/2016-02-21-22.12.20.jpg 1200w, http:\/\/damas.laiglesiadelacomunidad.com\/wp-content\/uploads\/2016\/02\/2016-02-21-22.12.20-225x300.jpg 225w, http:\/\/damas.laiglesiadelacomunidad.com\/wp-content\/uploads\/2016\/02\/2016-02-21-22.12.20-768x1024.jpg 768w\" sizes=\"(max-width: 1200px) 100vw, 1200px\" \/><\/a> <a href=\"http:\/\/damas.laiglesiadelacomunidad.com\/?attachment_id=10652\" rel=\"attachment wp-att-10652\"><img loading=\"lazy\" decoding=\"async\" class=\"alignnone size-full wp-image-10652\" src=\"http:\/\/damas.laiglesiadelacomunidad.com\/wp-content\/uploads\/2016\/02\/2016-02-21-22.12.32.jpg\" alt=\"2016-02-21 22.12.32\" width=\"1600\" height=\"1200\" srcset=\"http:\/\/damas.laiglesiadelacomunidad.com\/wp-content\/uploads\/2016\/02\/2016-02-21-22.12.32.jpg 1600w, http:\/\/damas.laiglesiadelacomunidad.com\/wp-content\/uploads\/2016\/02\/2016-02-21-22.12.32-300x225.jpg 300w, http:\/\/damas.laiglesiadelacomunidad.com\/wp-content\/uploads\/2016\/02\/2016-02-21-22.12.32-768x576.jpg 768w, http:\/\/damas.laiglesiadelacomunidad.com\/wp-content\/uploads\/2016\/02\/2016-02-21-22.12.32-1024x768.jpg 1024w\" sizes=\"(max-width: 1600px) 100vw, 1600px\" \/><\/a> <a href=\"http:\/\/damas.laiglesiadelacomunidad.com\/?attachment_id=10653\" rel=\"attachment wp-att-10653\"><img loading=\"lazy\" decoding=\"async\" class=\"alignnone size-full wp-image-10653\" src=\"http:\/\/damas.laiglesiadelacomunidad.com\/wp-content\/uploads\/2016\/02\/2016-02-21-22.12.40.jpg\" alt=\"2016-02-21 22.12.40\" width=\"1600\" height=\"1200\" srcset=\"http:\/\/damas.laiglesiadelacomunidad.com\/wp-content\/uploads\/2016\/02\/2016-02-21-22.12.40.jpg 1600w, http:\/\/damas.laiglesiadelacomunidad.com\/wp-content\/uploads\/2016\/02\/2016-02-21-22.12.40-300x225.jpg 300w, http:\/\/damas.laiglesiadelacomunidad.com\/wp-content\/uploads\/2016\/02\/2016-02-21-22.12.40-768x576.jpg 768w, http:\/\/damas.laiglesiadelacomunidad.com\/wp-content\/uploads\/2016\/02\/2016-02-21-22.12.40-1024x768.jpg 1024w\" sizes=\"(max-width: 1600px) 100vw, 1600px\" \/><\/a> <a href=\"http:\/\/damas.laiglesiadelacomunidad.com\/?attachment_id=10654\" rel=\"attachment wp-att-10654\"><img loading=\"lazy\" decoding=\"async\" class=\"alignnone size-full wp-image-10654\" src=\"http:\/\/damas.laiglesiadelacomunidad.com\/wp-content\/uploads\/2016\/02\/2016-02-21-22.12.46.jpg\" alt=\"2016-02-21 22.12.46\" width=\"1600\" height=\"1200\" srcset=\"http:\/\/damas.laiglesiadelacomunidad.com\/wp-content\/uploads\/2016\/02\/2016-02-21-22.12.46.jpg 1600w, http:\/\/damas.laiglesiadelacomunidad.com\/wp-content\/uploads\/2016\/02\/2016-02-21-22.12.46-300x225.jpg 300w, http:\/\/damas.laiglesiadelacomunidad.com\/wp-content\/uploads\/2016\/02\/2016-02-21-22.12.46-768x576.jpg 768w, http:\/\/damas.laiglesiadelacomunidad.com\/wp-content\/uploads\/2016\/02\/2016-02-21-22.12.46-1024x768.jpg 1024w\" sizes=\"(max-width: 1600px) 100vw, 1600px\" \/><\/a> <a href=\"http:\/\/damas.laiglesiadelacomunidad.com\/?attachment_id=10655\" rel=\"attachment wp-att-10655\"><img loading=\"lazy\" decoding=\"async\" class=\"alignnone size-full wp-image-10655\" src=\"http:\/\/damas.laiglesiadelacomunidad.com\/wp-content\/uploads\/2016\/02\/2016-02-21-22.12.53.jpg\" alt=\"2016-02-21 22.12.53\" width=\"1600\" height=\"1200\" srcset=\"http:\/\/damas.laiglesiadelacomunidad.com\/wp-content\/uploads\/2016\/02\/2016-02-21-22.12.53.jpg 1600w, http:\/\/damas.laiglesiadelacomunidad.com\/wp-content\/uploads\/2016\/02\/2016-02-21-22.12.53-300x225.jpg 300w, http:\/\/damas.laiglesiadelacomunidad.com\/wp-content\/uploads\/2016\/02\/2016-02-21-22.12.53-768x576.jpg 768w, http:\/\/damas.laiglesiadelacomunidad.com\/wp-content\/uploads\/2016\/02\/2016-02-21-22.12.53-1024x768.jpg 1024w\" sizes=\"(max-width: 1600px) 100vw, 1600px\" \/><\/a> <a href=\"http:\/\/damas.laiglesiadelacomunidad.com\/?attachment_id=10656\" rel=\"attachment wp-att-10656\"><img loading=\"lazy\" decoding=\"async\" class=\"alignnone size-full wp-image-10656\" src=\"http:\/\/damas.laiglesiadelacomunidad.com\/wp-content\/uploads\/2016\/02\/2016-02-21-22.12.58.jpg\" alt=\"2016-02-21 22.12.58\" width=\"1600\" height=\"1200\" srcset=\"http:\/\/damas.laiglesiadelacomunidad.com\/wp-content\/uploads\/2016\/02\/2016-02-21-22.12.58.jpg 1600w, http:\/\/damas.laiglesiadelacomunidad.com\/wp-content\/uploads\/2016\/02\/2016-02-21-22.12.58-300x225.jpg 300w, http:\/\/damas.laiglesiadelacomunidad.com\/wp-content\/uploads\/2016\/02\/2016-02-21-22.12.58-768x576.jpg 768w, http:\/\/damas.laiglesiadelacomunidad.com\/wp-content\/uploads\/2016\/02\/2016-02-21-22.12.58-1024x768.jpg 1024w\" sizes=\"(max-width: 1600px) 100vw, 1600px\" \/><\/a> <a href=\"http:\/\/damas.laiglesiadelacomunidad.com\/?attachment_id=10657\" rel=\"attachment wp-att-10657\"><img loading=\"lazy\" decoding=\"async\" class=\"alignnone size-full wp-image-10657\" src=\"http:\/\/damas.laiglesiadelacomunidad.com\/wp-content\/uploads\/2016\/02\/2016-02-21-22.13.02.jpg\" alt=\"2016-02-21 22.13.02\" width=\"1600\" height=\"1200\" srcset=\"http:\/\/damas.laiglesiadelacomunidad.com\/wp-content\/uploads\/2016\/02\/2016-02-21-22.13.02.jpg 1600w, http:\/\/damas.laiglesiadelacomunidad.com\/wp-content\/uploads\/2016\/02\/2016-02-21-22.13.02-300x225.jpg 300w, http:\/\/damas.laiglesiadelacomunidad.com\/wp-content\/uploads\/2016\/02\/2016-02-21-22.13.02-768x576.jpg 768w, http:\/\/damas.laiglesiadelacomunidad.com\/wp-content\/uploads\/2016\/02\/2016-02-21-22.13.02-1024x768.jpg 1024w\" sizes=\"(max-width: 1600px) 100vw, 1600px\" \/><\/a> <a href=\"http:\/\/damas.laiglesiadelacomunidad.com\/?attachment_id=10658\" rel=\"attachment wp-att-10658\"><img loading=\"lazy\" decoding=\"async\" class=\"alignnone size-full wp-image-10658\" src=\"http:\/\/damas.laiglesiadelacomunidad.com\/wp-content\/uploads\/2016\/02\/2016-02-21-22.13.05.jpg\" alt=\"2016-02-21 22.13.05\" width=\"1600\" height=\"1200\" srcset=\"http:\/\/damas.laiglesiadelacomunidad.com\/wp-content\/uploads\/2016\/02\/2016-02-21-22.13.05.jpg 1600w, http:\/\/damas.laiglesiadelacomunidad.com\/wp-content\/uploads\/2016\/02\/2016-02-21-22.13.05-300x225.jpg 300w, http:\/\/damas.laiglesiadelacomunidad.com\/wp-content\/uploads\/2016\/02\/2016-02-21-22.13.05-768x576.jpg 768w, http:\/\/damas.laiglesiadelacomunidad.com\/wp-content\/uploads\/2016\/02\/2016-02-21-22.13.05-1024x768.jpg 1024w\" sizes=\"(max-width: 1600px) 100vw, 1600px\" \/><\/a> <a href=\"http:\/\/damas.laiglesiadelacomunidad.com\/?attachment_id=10659\" rel=\"attachment wp-att-10659\"><img loading=\"lazy\" decoding=\"async\" class=\"alignnone size-full wp-image-10659\" src=\"http:\/\/damas.laiglesiadelacomunidad.com\/wp-content\/uploads\/2016\/02\/2016-02-21-22.13.13.jpg\" alt=\"2016-02-21 22.13.13\" width=\"1600\" height=\"1200\" srcset=\"http:\/\/damas.laiglesiadelacomunidad.com\/wp-content\/uploads\/2016\/02\/2016-02-21-22.13.13.jpg 1600w, http:\/\/damas.laiglesiadelacomunidad.com\/wp-content\/uploads\/2016\/02\/2016-02-21-22.13.13-300x225.jpg 300w, http:\/\/damas.laiglesiadelacomunidad.com\/wp-content\/uploads\/2016\/02\/2016-02-21-22.13.13-768x576.jpg 768w, http:\/\/damas.laiglesiadelacomunidad.com\/wp-content\/uploads\/2016\/02\/2016-02-21-22.13.13-1024x768.jpg 1024w\" sizes=\"(max-width: 1600px) 100vw, 1600px\" \/><\/a> <a href=\"http:\/\/damas.laiglesiadelacomunidad.com\/?attachment_id=10660\" rel=\"attachment wp-att-10660\"><img loading=\"lazy\" decoding=\"async\" class=\"alignnone size-full wp-image-10660\" src=\"http:\/\/damas.laiglesiadelacomunidad.com\/wp-content\/uploads\/2016\/02\/2016-02-21-22.13.16.jpg\" alt=\"2016-02-21 22.13.16\" width=\"1600\" height=\"1200\" srcset=\"http:\/\/damas.laiglesiadelacomunidad.com\/wp-content\/uploads\/2016\/02\/2016-02-21-22.13.16.jpg 1600w, http:\/\/damas.laiglesiadelacomunidad.com\/wp-content\/uploads\/2016\/02\/2016-02-21-22.13.16-300x225.jpg 300w, http:\/\/damas.laiglesiadelacomunidad.com\/wp-content\/uploads\/2016\/02\/2016-02-21-22.13.16-768x576.jpg 768w, http:\/\/damas.laiglesiadelacomunidad.com\/wp-content\/uploads\/2016\/02\/2016-02-21-22.13.16-1024x768.jpg 1024w\" sizes=\"(max-width: 1600px) 100vw, 1600px\" \/><\/a> <a href=\"http:\/\/damas.laiglesiadelacomunidad.com\/?attachment_id=10661\" rel=\"attachment wp-att-10661\"><img loading=\"lazy\" decoding=\"async\" class=\"alignnone size-full wp-image-10661\" src=\"http:\/\/damas.laiglesiadelacomunidad.com\/wp-content\/uploads\/2016\/02\/2016-02-21-22.13.23.jpg\" alt=\"2016-02-21 22.13.23\" width=\"1600\" height=\"1200\" srcset=\"http:\/\/damas.laiglesiadelacomunidad.com\/wp-content\/uploads\/2016\/02\/2016-02-21-22.13.23.jpg 1600w, http:\/\/damas.laiglesiadelacomunidad.com\/wp-content\/uploads\/2016\/02\/2016-02-21-22.13.23-300x225.jpg 300w, http:\/\/damas.laiglesiadelacomunidad.com\/wp-content\/uploads\/2016\/02\/2016-02-21-22.13.23-768x576.jpg 768w, http:\/\/damas.laiglesiadelacomunidad.com\/wp-content\/uploads\/2016\/02\/2016-02-21-22.13.23-1024x768.jpg 1024w\" sizes=\"(max-width: 1600px) 100vw, 1600px\" \/><\/a> <a href=\"http:\/\/damas.laiglesiadelacomunidad.com\/?attachment_id=10662\" rel=\"attachment wp-att-10662\"><img loading=\"lazy\" decoding=\"async\" class=\"alignnone size-full wp-image-10662\" src=\"http:\/\/damas.laiglesiadelacomunidad.com\/wp-content\/uploads\/2016\/02\/2016-02-21-22.13.26.jpg\" alt=\"2016-02-21 22.13.26\" width=\"1600\" height=\"1200\" srcset=\"http:\/\/damas.laiglesiadelacomunidad.com\/wp-content\/uploads\/2016\/02\/2016-02-21-22.13.26.jpg 1600w, http:\/\/damas.laiglesiadelacomunidad.com\/wp-content\/uploads\/2016\/02\/2016-02-21-22.13.26-300x225.jpg 300w, http:\/\/damas.laiglesiadelacomunidad.com\/wp-content\/uploads\/2016\/02\/2016-02-21-22.13.26-768x576.jpg 768w, http:\/\/damas.laiglesiadelacomunidad.com\/wp-content\/uploads\/2016\/02\/2016-02-21-22.13.26-1024x768.jpg 1024w\" sizes=\"(max-width: 1600px) 100vw, 1600px\" \/><\/a> <a href=\"http:\/\/damas.laiglesiadelacomunidad.com\/?attachment_id=10663\" rel=\"attachment wp-att-10663\"><img loading=\"lazy\" decoding=\"async\" class=\"alignnone size-full wp-image-10663\" src=\"http:\/\/damas.laiglesiadelacomunidad.com\/wp-content\/uploads\/2016\/02\/2016-02-21-22.13.32.jpg\" alt=\"2016-02-21 22.13.32\" width=\"1600\" height=\"1200\" srcset=\"http:\/\/damas.laiglesiadelacomunidad.com\/wp-content\/uploads\/2016\/02\/2016-02-21-22.13.32.jpg 1600w, http:\/\/damas.laiglesiadelacomunidad.com\/wp-content\/uploads\/2016\/02\/2016-02-21-22.13.32-300x225.jpg 300w, http:\/\/damas.laiglesiadelacomunidad.com\/wp-content\/uploads\/2016\/02\/2016-02-21-22.13.32-768x576.jpg 768w, http:\/\/damas.laiglesiadelacomunidad.com\/wp-content\/uploads\/2016\/02\/2016-02-21-22.13.32-1024x768.jpg 1024w\" sizes=\"(max-width: 1600px) 100vw, 1600px\" \/><\/a> <a href=\"http:\/\/damas.laiglesiadelacomunidad.com\/?attachment_id=10664\" rel=\"attachment wp-att-10664\"><img loading=\"lazy\" decoding=\"async\" class=\"alignnone size-full wp-image-10664\" src=\"http:\/\/damas.laiglesiadelacomunidad.com\/wp-content\/uploads\/2016\/02\/2016-02-21-22.13.38.jpg\" alt=\"2016-02-21 22.13.38\" width=\"1600\" height=\"1200\" srcset=\"http:\/\/damas.laiglesiadelacomunidad.com\/wp-content\/uploads\/2016\/02\/2016-02-21-22.13.38.jpg 1600w, http:\/\/damas.laiglesiadelacomunidad.com\/wp-content\/uploads\/2016\/02\/2016-02-21-22.13.38-300x225.jpg 300w, http:\/\/damas.laiglesiadelacomunidad.com\/wp-content\/uploads\/2016\/02\/2016-02-21-22.13.38-768x576.jpg 768w, http:\/\/damas.laiglesiadelacomunidad.com\/wp-content\/uploads\/2016\/02\/2016-02-21-22.13.38-1024x768.jpg 1024w\" sizes=\"(max-width: 1600px) 100vw, 1600px\" \/><\/a> <a href=\"http:\/\/damas.laiglesiadelacomunidad.com\/?attachment_id=10665\" rel=\"attachment wp-att-10665\"><img loading=\"lazy\" decoding=\"async\" class=\"alignnone size-full wp-image-10665\" src=\"http:\/\/damas.laiglesiadelacomunidad.com\/wp-content\/uploads\/2016\/02\/2016-02-21-22.13.42.jpg\" alt=\"2016-02-21 22.13.42\" width=\"1600\" height=\"1200\" srcset=\"http:\/\/damas.laiglesiadelacomunidad.com\/wp-content\/uploads\/2016\/02\/2016-02-21-22.13.42.jpg 1600w, http:\/\/damas.laiglesiadelacomunidad.com\/wp-content\/uploads\/2016\/02\/2016-02-21-22.13.42-300x225.jpg 300w, http:\/\/damas.laiglesiadelacomunidad.com\/wp-content\/uploads\/2016\/02\/2016-02-21-22.13.42-768x576.jpg 768w, http:\/\/damas.laiglesiadelacomunidad.com\/wp-content\/uploads\/2016\/02\/2016-02-21-22.13.42-1024x768.jpg 1024w\" sizes=\"(max-width: 1600px) 100vw, 1600px\" \/><\/a><\/p>\n","protected":false},"excerpt":{"rendered":"<p>Gracias de nuevo Padre por darnos otra linda noche, gracias por todas las personas que trajiste hoy, gracias por cada uno de los voluntarios, por los m\u00fasicos y por la maestra, gracias por darnos el querer y el hacer para servirte Padre. El tema de hoy me toco much\u00edsimo porque confieso que a veces yo &hellip; <a href=\"http:\/\/damas.laiglesiadelacomunidad.com\/?p=10641\" class=\"more-link\">Continue reading <span class=\"screen-reader-text\">Reuni\u00f3n domingo 21 de Febrero del 2016<\/span> <span class=\"meta-nav\">&rarr;<\/span><\/a><\/p>\n","protected":false},"author":2,"featured_media":0,"comment_status":"open","ping_status":"open","sticky":false,"template":"","format":"gallery","meta":{"footnotes":""},"categories":[6],"tags":[],"_links":{"self":[{"href":"http:\/\/damas.laiglesiadelacomunidad.com\/index.php?rest_route=\/wp\/v2\/posts\/10641"}],"collection":[{"href":"http:\/\/damas.laiglesiadelacomunidad.com\/index.php?rest_route=\/wp\/v2\/posts"}],"about":[{"href":"http:\/\/damas.laiglesiadelacomunidad.com\/index.php?rest_route=\/wp\/v2\/types\/post"}],"author":[{"embeddable":true,"href":"http:\/\/damas.laiglesiadelacomunidad.com\/index.php?rest_route=\/wp\/v2\/users\/2"}],"replies":[{"embeddable":true,"href":"http:\/\/damas.laiglesiadelacomunidad.com\/index.php?rest_route=%2Fwp%2Fv2%2Fcomments&post=10641"}],"version-history":[{"count":7,"href":"http:\/\/damas.laiglesiadelacomunidad.com\/index.php?rest_route=\/wp\/v2\/posts\/10641\/revisions"}],"predecessor-version":[{"id":10674,"href":"http:\/\/damas.laiglesiadelacomunidad.com\/index.php?rest_route=\/wp\/v2\/posts\/10641\/revisions\/10674"}],"wp:attachment":[{"href":"http:\/\/damas.laiglesiadelacomunidad.com\/index.php?rest_route=%2Fwp%2Fv2%2Fmedia&parent=10641"}],"wp:term":[{"taxonomy":"category","embeddable":true,"href":"http:\/\/damas.laiglesiadelacomunidad.com\/index.php?rest_route=%2Fwp%2Fv2%2Fcategories&post=10641"},{"taxonomy":"post_tag","embeddable":true,"href":"http:\/\/damas.laiglesiadelacomunidad.com\/index.php?rest_route=%2Fwp%2Fv2%2Ftags&post=10641"}],"curies":[{"name":"wp","href":"https:\/\/api.w.org\/{rel}","templated":true}]}}