{"id":10619,"date":"2016-02-17T22:40:17","date_gmt":"2016-02-18T04:40:17","guid":{"rendered":"http:\/\/damas.laiglesiadelacomunidad.com\/?p=10619"},"modified":"2016-02-17T22:40:17","modified_gmt":"2016-02-18T04:40:17","slug":"estudio-miercoles-17-de-feb-del-2016","status":"publish","type":"post","link":"http:\/\/damas.laiglesiadelacomunidad.com\/?p=10619","title":{"rendered":"Estudio Mi\u00e9rcoles 17 de Feb. del 2016"},"content":{"rendered":"<p>Gracias Se\u00f1or por otro buen estudio, gracias por tantos ni\u00f1os que pueden estar entre nosotras viendonos estudiar, te pedimos Se\u00f1or que podamos ser un buen ejemplo para \u00e9sta generaci\u00f3n. Te damos gracias por la vida de Michelle Vasquez, Feliz cumplea\u00f1os Mich, que Dios te conceda los deseos de tu coraz\u00f3n.<\/p>\n<p>El tema del estudio de hoy esta relacionado con el mensaje del domingo: &#8220;Otras salvadas por Tu fe&#8221; Al convertirnos en hijas de Dios por decidir seguirlo y entregarle nuestra vida por arrepentirnos y bautizarnos, autom\u00e1ticamente recibimos salvaci\u00f3n, perd\u00f3n de pecados y el Esp\u00edritu Santo, esas son promesas que recibimos de Dios y \u00c9l las cumple, pero al mismo tiempo el nos pide algo grande y de mucho beneficio para las personas que estan a nuestro alrededor y eso es compartir las buenas nuevas acerca de Jesucristo, esas mismas buenas nuevas que alguien nos di\u00f3 y \u00a0que por aceptarlas nos salvaron, esas mismas Dios nos pide que las expliquemos a las personas que el ha puesto en nuestras vidas.<\/p>\n<p>A veces se nos hace d\u00edficil compartirlas, porque nos da miedo, no queremos que nos rechacen, que nos critiquen, que anden hablando mal de nosotras, nos vean raro o que dejen de ser nuestras amiga. Por lo que le\u00edmos hoy nosotros somos una pieza importante que Dios usa para salvar a otros y por eso Satan\u00e1s usa todos esos enga\u00f1os e impide nuestro trabajo en el Reino de Dios, pero todas sabemos que es m\u00e1s grande el que mora en nosotras que el que reina en este mundo, y el Esp\u00edritu Santo es el que hace que nosotras digamos lo que nosotras no podriamos decir por nuestra propia cuenta.<\/p>\n<p><strong>Porque somos hechura suya, creados en Cristo Jes\u00fas para buenas obras, las cuales Dios prepar\u00f3 de antemano para que anduvi\u00e9semos en ellas.<\/strong> Efesios 2:10<\/p>\n<p><strong><span id=\"es-RVR1960-24215\" class=\"text Matt-28-18\">Y Jes\u00fas se acerc\u00f3 y les habl\u00f3 diciendo: <span style=\"color: #ff0000;\">Toda potestad me es dada en el cielo y en la tierra.\u00a0<\/span><\/span><span id=\"es-RVR1960-24216\" class=\"text Matt-28-19\" style=\"color: #ff0000;\">Por tanto, id, y haced disc\u00edpulos a todas las naciones, bautiz\u00e1ndolos en el nombre del Padre, y del Hijo, y del Esp\u00edritu Santo;\u00a0<\/span><\/strong><span id=\"es-RVR1960-24217\" class=\"text Matt-28-20\"><span style=\"color: #ff0000;\"><strong><sup class=\"versenum\">\u00a0<\/sup>ense\u00f1\u00e1ndoles que guarden todas las cosas que os he mandado; y he aqu\u00ed yo estoy con vosotros todos los d\u00edas, hasta el fin del mundo. Am\u00e9n.<\/strong><\/span> Mateo 28:18-20<\/span><\/p>\n<p><strong><span class=\"text Acts-8-26\">Un \u00e1ngel del Se\u00f1or habl\u00f3 a Felipe, diciendo: Lev\u00e1ntate y ve hacia el sur, por el camino que desciende de Jerusal\u00e9n a Gaza, el cual es desierto.\u00a0<\/span><span id=\"es-RVR1960-27205\" class=\"text Acts-8-27\">Entonces \u00e9l se levant\u00f3 y fue. Y sucedi\u00f3 que un et\u00edope, eunuco, funcionario de Candace reina de los et\u00edopes, el cual estaba sobre todos sus tesoros, y hab\u00eda venido a Jerusal\u00e9n para adorar,\u00a0<\/span><span id=\"es-RVR1960-27206\" class=\"text Acts-8-28\"><sup class=\"versenum\">\u00a0<\/sup>volv\u00eda sentado en su carro, y leyendo al profeta Isa\u00edas.<\/span><span id=\"es-RVR1960-27207\" class=\"text Acts-8-29\"><sup class=\"versenum\">\u00a0<\/sup>Y el Esp\u00edritu dijo a Felipe: Ac\u00e9rcate y j\u00fantate a ese carro.\u00a0<\/span><span id=\"es-RVR1960-27208\" class=\"text Acts-8-30\">Acudiendo Felipe, le oy\u00f3 que le\u00eda al profeta Isa\u00edas, y dijo: Pero \u00bfentiendes lo que lees?<\/span><span id=\"es-RVR1960-27209\" class=\"text Acts-8-31\"><sup class=\"versenum\">\u00a0<\/sup>El dijo: \u00bfY c\u00f3mo podr\u00e9, si alguno no me ense\u00f1are? Y rog\u00f3 a Felipe que subiese y se sentara con \u00e9l.<\/span><\/strong><\/p>\n<div class=\"poetry\">\n<p class=\"line\"><strong><span id=\"es-RVR1960-27210\" class=\"text Acts-8-32\"><sup class=\"versenum\">\u00a0 \u00a0 \u00a0<\/sup>El pasaje de la Escritura que le\u00eda era este:<\/span><\/strong><br \/>\n<strong><span class=\"indent-1\"><span class=\"indent-1-breaks\">\u00a0\u00a0\u00a0\u00a0<\/span><span class=\"text Acts-8-32\">Como oveja a la muerte fue llevado;<\/span><\/span><\/strong><br \/>\n<strong><span class=\"indent-1\"><span class=\"indent-1-breaks\">\u00a0\u00a0\u00a0\u00a0<\/span><span class=\"text Acts-8-32\">Y como cordero mudo delante del que lo trasquila,<\/span><\/span><\/strong><br \/>\n<strong><span class=\"indent-1\"><span class=\"indent-1-breaks\">\u00a0\u00a0\u00a0\u00a0<\/span><span class=\"text Acts-8-32\">As\u00ed no abri\u00f3 su boca.<\/span><\/span><\/strong><\/p>\n<\/div>\n<div class=\"poetry\">\n<p class=\"line\"><strong><span id=\"es-RVR1960-27211\" class=\"text Acts-8-33\">En su humillaci\u00f3n no se le hizo justicia;<\/span><\/strong><br \/>\n<strong><span class=\"text Acts-8-33\">Mas su generaci\u00f3n, \u00bfqui\u00e9n la contar\u00e1?<\/span><\/strong><br \/>\n<strong><span class=\"text Acts-8-33\">Porque fue quitada de la tierra su vida. m<\/span><\/strong><\/p>\n<\/div>\n<p><strong><span id=\"es-RVR1960-27212\" class=\"text Acts-8-34\">Respondiendo el eunuco, dijo a Felipe: Te ruego que me digas: \u00bfde qui\u00e9n dice el profeta esto; de s\u00ed mismo, o de alg\u00fan otro?<\/span><span id=\"es-RVR1960-27213\" class=\"text Acts-8-35\">Entonces Felipe, abriendo su boca, y comenzando desde esta escritura, le anunci\u00f3 el evangelio de Jes\u00fas.\u00a0<\/span><span id=\"es-RVR1960-27214\" class=\"text Acts-8-36\">Y yendo por el camino, llegaron a cierta agua, y dijo el eunuco: Aqu\u00ed hay agua; \u00bfqu\u00e9 impide que yo sea bautizado?\u00a0<\/span><span id=\"es-RVR1960-27215\" class=\"text Acts-8-37\">Felipe dijo: Si crees de todo coraz\u00f3n, bien puedes. Y respondiendo, dijo: Creo que Jesucristo es el Hijo de Dios.\u00a0<\/span><span id=\"es-RVR1960-27216\" class=\"text Acts-8-38\">Y mand\u00f3 parar el carro; y descendieron ambos al agua, Felipe y el eunuco, y le bautiz\u00f3.\u00a0<\/span><\/strong><span id=\"es-RVR1960-27217\" class=\"text Acts-8-39\"><strong>Cuando subieron del agua, el Esp\u00edritu del Se\u00f1or arrebat\u00f3 a Felipe; y el eunuco no le vio m\u00e1s, y sigui\u00f3 gozoso su camino.<\/strong> Hechos 8:26-39<\/span><\/p>\n<p>Se\u00f1or gracias de nuevo por tan buen estudio, gracias por el \u00e1nimo que recibimos hoy de Tu palabra, te pedimos que nos des m\u00e1s de TU Esp\u00edritu para que podamos predicar Tu evangelio, te lo pedimos en nombre de Jesucristo nuestro Se\u00f1or, am\u00e9n.<\/p>\n<p>Que sigan disfrutando Su semana, Dios las bendiga;<\/p>\n<p>Jackie C.<\/p>\n<p><a href=\"http:\/\/damas.laiglesiadelacomunidad.com\/?attachment_id=10621\" rel=\"attachment wp-att-10621\"><img loading=\"lazy\" decoding=\"async\" class=\"alignnone size-full wp-image-10621\" src=\"http:\/\/damas.laiglesiadelacomunidad.com\/wp-content\/uploads\/2016\/02\/2016-02-17-22.03.04.jpg\" alt=\"2016-02-17 22.03.04\" width=\"1200\" height=\"1600\" srcset=\"http:\/\/damas.laiglesiadelacomunidad.com\/wp-content\/uploads\/2016\/02\/2016-02-17-22.03.04.jpg 1200w, http:\/\/damas.laiglesiadelacomunidad.com\/wp-content\/uploads\/2016\/02\/2016-02-17-22.03.04-225x300.jpg 225w, http:\/\/damas.laiglesiadelacomunidad.com\/wp-content\/uploads\/2016\/02\/2016-02-17-22.03.04-768x1024.jpg 768w\" sizes=\"(max-width: 1200px) 100vw, 1200px\" \/><\/a> <a href=\"http:\/\/damas.laiglesiadelacomunidad.com\/?attachment_id=10622\" rel=\"attachment wp-att-10622\"><img loading=\"lazy\" decoding=\"async\" class=\"alignnone size-full wp-image-10622\" src=\"http:\/\/damas.laiglesiadelacomunidad.com\/wp-content\/uploads\/2016\/02\/2016-02-17-22.03.11.jpg\" alt=\"2016-02-17 22.03.11\" width=\"1200\" height=\"1600\" srcset=\"http:\/\/damas.laiglesiadelacomunidad.com\/wp-content\/uploads\/2016\/02\/2016-02-17-22.03.11.jpg 1200w, http:\/\/damas.laiglesiadelacomunidad.com\/wp-content\/uploads\/2016\/02\/2016-02-17-22.03.11-225x300.jpg 225w, http:\/\/damas.laiglesiadelacomunidad.com\/wp-content\/uploads\/2016\/02\/2016-02-17-22.03.11-768x1024.jpg 768w\" sizes=\"(max-width: 1200px) 100vw, 1200px\" \/><\/a> <a href=\"http:\/\/damas.laiglesiadelacomunidad.com\/?attachment_id=10623\" rel=\"attachment wp-att-10623\"><img loading=\"lazy\" decoding=\"async\" class=\"alignnone size-full wp-image-10623\" src=\"http:\/\/damas.laiglesiadelacomunidad.com\/wp-content\/uploads\/2016\/02\/2016-02-17-22.03.18.jpg\" alt=\"2016-02-17 22.03.18\" width=\"1600\" height=\"1200\" srcset=\"http:\/\/damas.laiglesiadelacomunidad.com\/wp-content\/uploads\/2016\/02\/2016-02-17-22.03.18.jpg 1600w, http:\/\/damas.laiglesiadelacomunidad.com\/wp-content\/uploads\/2016\/02\/2016-02-17-22.03.18-300x225.jpg 300w, http:\/\/damas.laiglesiadelacomunidad.com\/wp-content\/uploads\/2016\/02\/2016-02-17-22.03.18-768x576.jpg 768w, http:\/\/damas.laiglesiadelacomunidad.com\/wp-content\/uploads\/2016\/02\/2016-02-17-22.03.18-1024x768.jpg 1024w\" sizes=\"(max-width: 1600px) 100vw, 1600px\" \/><\/a> <a href=\"http:\/\/damas.laiglesiadelacomunidad.com\/?attachment_id=10624\" rel=\"attachment wp-att-10624\"><img loading=\"lazy\" decoding=\"async\" class=\"alignnone size-full wp-image-10624\" src=\"http:\/\/damas.laiglesiadelacomunidad.com\/wp-content\/uploads\/2016\/02\/2016-02-17-22.03.24.jpg\" alt=\"2016-02-17 22.03.24\" width=\"1600\" height=\"1200\" srcset=\"http:\/\/damas.laiglesiadelacomunidad.com\/wp-content\/uploads\/2016\/02\/2016-02-17-22.03.24.jpg 1600w, http:\/\/damas.laiglesiadelacomunidad.com\/wp-content\/uploads\/2016\/02\/2016-02-17-22.03.24-300x225.jpg 300w, http:\/\/damas.laiglesiadelacomunidad.com\/wp-content\/uploads\/2016\/02\/2016-02-17-22.03.24-768x576.jpg 768w, http:\/\/damas.laiglesiadelacomunidad.com\/wp-content\/uploads\/2016\/02\/2016-02-17-22.03.24-1024x768.jpg 1024w\" sizes=\"(max-width: 1600px) 100vw, 1600px\" \/><\/a> <a href=\"http:\/\/damas.laiglesiadelacomunidad.com\/?attachment_id=10625\" rel=\"attachment wp-att-10625\"><img loading=\"lazy\" decoding=\"async\" class=\"alignnone size-full wp-image-10625\" src=\"http:\/\/damas.laiglesiadelacomunidad.com\/wp-content\/uploads\/2016\/02\/2016-02-17-22.03.33.jpg\" alt=\"2016-02-17 22.03.33\" width=\"1200\" height=\"1600\" srcset=\"http:\/\/damas.laiglesiadelacomunidad.com\/wp-content\/uploads\/2016\/02\/2016-02-17-22.03.33.jpg 1200w, http:\/\/damas.laiglesiadelacomunidad.com\/wp-content\/uploads\/2016\/02\/2016-02-17-22.03.33-225x300.jpg 225w, http:\/\/damas.laiglesiadelacomunidad.com\/wp-content\/uploads\/2016\/02\/2016-02-17-22.03.33-768x1024.jpg 768w\" sizes=\"(max-width: 1200px) 100vw, 1200px\" \/><\/a> <a href=\"http:\/\/damas.laiglesiadelacomunidad.com\/?attachment_id=10626\" rel=\"attachment wp-att-10626\"><img loading=\"lazy\" decoding=\"async\" class=\"alignnone size-full wp-image-10626\" src=\"http:\/\/damas.laiglesiadelacomunidad.com\/wp-content\/uploads\/2016\/02\/2016-02-17-22.03.42.jpg\" alt=\"2016-02-17 22.03.42\" width=\"1600\" height=\"1200\" srcset=\"http:\/\/damas.laiglesiadelacomunidad.com\/wp-content\/uploads\/2016\/02\/2016-02-17-22.03.42.jpg 1600w, http:\/\/damas.laiglesiadelacomunidad.com\/wp-content\/uploads\/2016\/02\/2016-02-17-22.03.42-300x225.jpg 300w, http:\/\/damas.laiglesiadelacomunidad.com\/wp-content\/uploads\/2016\/02\/2016-02-17-22.03.42-768x576.jpg 768w, http:\/\/damas.laiglesiadelacomunidad.com\/wp-content\/uploads\/2016\/02\/2016-02-17-22.03.42-1024x768.jpg 1024w\" sizes=\"(max-width: 1600px) 100vw, 1600px\" \/><\/a> <a href=\"http:\/\/damas.laiglesiadelacomunidad.com\/?attachment_id=10627\" rel=\"attachment wp-att-10627\"><img loading=\"lazy\" decoding=\"async\" class=\"alignnone size-full wp-image-10627\" src=\"http:\/\/damas.laiglesiadelacomunidad.com\/wp-content\/uploads\/2016\/02\/2016-02-17-22.03.47.jpg\" alt=\"2016-02-17 22.03.47\" width=\"1600\" height=\"1200\" srcset=\"http:\/\/damas.laiglesiadelacomunidad.com\/wp-content\/uploads\/2016\/02\/2016-02-17-22.03.47.jpg 1600w, http:\/\/damas.laiglesiadelacomunidad.com\/wp-content\/uploads\/2016\/02\/2016-02-17-22.03.47-300x225.jpg 300w, http:\/\/damas.laiglesiadelacomunidad.com\/wp-content\/uploads\/2016\/02\/2016-02-17-22.03.47-768x576.jpg 768w, http:\/\/damas.laiglesiadelacomunidad.com\/wp-content\/uploads\/2016\/02\/2016-02-17-22.03.47-1024x768.jpg 1024w\" sizes=\"(max-width: 1600px) 100vw, 1600px\" \/><\/a> <a href=\"http:\/\/damas.laiglesiadelacomunidad.com\/?attachment_id=10628\" rel=\"attachment wp-att-10628\"><img loading=\"lazy\" decoding=\"async\" class=\"alignnone size-full wp-image-10628\" src=\"http:\/\/damas.laiglesiadelacomunidad.com\/wp-content\/uploads\/2016\/02\/2016-02-17-22.03.52.jpg\" alt=\"2016-02-17 22.03.52\" width=\"1600\" height=\"1200\" srcset=\"http:\/\/damas.laiglesiadelacomunidad.com\/wp-content\/uploads\/2016\/02\/2016-02-17-22.03.52.jpg 1600w, http:\/\/damas.laiglesiadelacomunidad.com\/wp-content\/uploads\/2016\/02\/2016-02-17-22.03.52-300x225.jpg 300w, http:\/\/damas.laiglesiadelacomunidad.com\/wp-content\/uploads\/2016\/02\/2016-02-17-22.03.52-768x576.jpg 768w, http:\/\/damas.laiglesiadelacomunidad.com\/wp-content\/uploads\/2016\/02\/2016-02-17-22.03.52-1024x768.jpg 1024w\" sizes=\"(max-width: 1600px) 100vw, 1600px\" \/><\/a> <a href=\"http:\/\/damas.laiglesiadelacomunidad.com\/?attachment_id=10629\" rel=\"attachment wp-att-10629\"><img loading=\"lazy\" decoding=\"async\" class=\"alignnone size-full wp-image-10629\" src=\"http:\/\/damas.laiglesiadelacomunidad.com\/wp-content\/uploads\/2016\/02\/2016-02-17-22.03.57.jpg\" alt=\"2016-02-17 22.03.57\" width=\"1600\" height=\"1200\" srcset=\"http:\/\/damas.laiglesiadelacomunidad.com\/wp-content\/uploads\/2016\/02\/2016-02-17-22.03.57.jpg 1600w, http:\/\/damas.laiglesiadelacomunidad.com\/wp-content\/uploads\/2016\/02\/2016-02-17-22.03.57-300x225.jpg 300w, http:\/\/damas.laiglesiadelacomunidad.com\/wp-content\/uploads\/2016\/02\/2016-02-17-22.03.57-768x576.jpg 768w, http:\/\/damas.laiglesiadelacomunidad.com\/wp-content\/uploads\/2016\/02\/2016-02-17-22.03.57-1024x768.jpg 1024w\" sizes=\"(max-width: 1600px) 100vw, 1600px\" \/><\/a> <a href=\"http:\/\/damas.laiglesiadelacomunidad.com\/?attachment_id=10630\" rel=\"attachment wp-att-10630\"><img loading=\"lazy\" decoding=\"async\" class=\"alignnone size-full wp-image-10630\" src=\"http:\/\/damas.laiglesiadelacomunidad.com\/wp-content\/uploads\/2016\/02\/2016-02-17-22.04.02.jpg\" alt=\"2016-02-17 22.04.02\" width=\"1600\" height=\"1200\" srcset=\"http:\/\/damas.laiglesiadelacomunidad.com\/wp-content\/uploads\/2016\/02\/2016-02-17-22.04.02.jpg 1600w, http:\/\/damas.laiglesiadelacomunidad.com\/wp-content\/uploads\/2016\/02\/2016-02-17-22.04.02-300x225.jpg 300w, http:\/\/damas.laiglesiadelacomunidad.com\/wp-content\/uploads\/2016\/02\/2016-02-17-22.04.02-768x576.jpg 768w, http:\/\/damas.laiglesiadelacomunidad.com\/wp-content\/uploads\/2016\/02\/2016-02-17-22.04.02-1024x768.jpg 1024w\" sizes=\"(max-width: 1600px) 100vw, 1600px\" \/><\/a> <a href=\"http:\/\/damas.laiglesiadelacomunidad.com\/?attachment_id=10631\" rel=\"attachment wp-att-10631\"><img loading=\"lazy\" decoding=\"async\" class=\"alignnone size-full wp-image-10631\" src=\"http:\/\/damas.laiglesiadelacomunidad.com\/wp-content\/uploads\/2016\/02\/2016-02-17-22.04.09.jpg\" alt=\"2016-02-17 22.04.09\" width=\"1600\" height=\"1200\" srcset=\"http:\/\/damas.laiglesiadelacomunidad.com\/wp-content\/uploads\/2016\/02\/2016-02-17-22.04.09.jpg 1600w, http:\/\/damas.laiglesiadelacomunidad.com\/wp-content\/uploads\/2016\/02\/2016-02-17-22.04.09-300x225.jpg 300w, http:\/\/damas.laiglesiadelacomunidad.com\/wp-content\/uploads\/2016\/02\/2016-02-17-22.04.09-768x576.jpg 768w, http:\/\/damas.laiglesiadelacomunidad.com\/wp-content\/uploads\/2016\/02\/2016-02-17-22.04.09-1024x768.jpg 1024w\" sizes=\"(max-width: 1600px) 100vw, 1600px\" \/><\/a> <a href=\"http:\/\/damas.laiglesiadelacomunidad.com\/?attachment_id=10632\" rel=\"attachment wp-att-10632\"><img loading=\"lazy\" decoding=\"async\" class=\"alignnone size-full wp-image-10632\" src=\"http:\/\/damas.laiglesiadelacomunidad.com\/wp-content\/uploads\/2016\/02\/2016-02-17-22.04.12.jpg\" alt=\"2016-02-17 22.04.12\" width=\"1600\" height=\"1200\" srcset=\"http:\/\/damas.laiglesiadelacomunidad.com\/wp-content\/uploads\/2016\/02\/2016-02-17-22.04.12.jpg 1600w, http:\/\/damas.laiglesiadelacomunidad.com\/wp-content\/uploads\/2016\/02\/2016-02-17-22.04.12-300x225.jpg 300w, http:\/\/damas.laiglesiadelacomunidad.com\/wp-content\/uploads\/2016\/02\/2016-02-17-22.04.12-768x576.jpg 768w, http:\/\/damas.laiglesiadelacomunidad.com\/wp-content\/uploads\/2016\/02\/2016-02-17-22.04.12-1024x768.jpg 1024w\" sizes=\"(max-width: 1600px) 100vw, 1600px\" \/><\/a> <a href=\"http:\/\/damas.laiglesiadelacomunidad.com\/?attachment_id=10633\" rel=\"attachment wp-att-10633\"><img loading=\"lazy\" decoding=\"async\" class=\"alignnone size-full wp-image-10633\" src=\"http:\/\/damas.laiglesiadelacomunidad.com\/wp-content\/uploads\/2016\/02\/2016-02-17-22.04.16.jpg\" alt=\"2016-02-17 22.04.16\" width=\"1600\" height=\"1200\" srcset=\"http:\/\/damas.laiglesiadelacomunidad.com\/wp-content\/uploads\/2016\/02\/2016-02-17-22.04.16.jpg 1600w, http:\/\/damas.laiglesiadelacomunidad.com\/wp-content\/uploads\/2016\/02\/2016-02-17-22.04.16-300x225.jpg 300w, http:\/\/damas.laiglesiadelacomunidad.com\/wp-content\/uploads\/2016\/02\/2016-02-17-22.04.16-768x576.jpg 768w, http:\/\/damas.laiglesiadelacomunidad.com\/wp-content\/uploads\/2016\/02\/2016-02-17-22.04.16-1024x768.jpg 1024w\" sizes=\"(max-width: 1600px) 100vw, 1600px\" \/><\/a> <a href=\"http:\/\/damas.laiglesiadelacomunidad.com\/?attachment_id=10634\" rel=\"attachment wp-att-10634\"><img loading=\"lazy\" decoding=\"async\" class=\"alignnone size-full wp-image-10634\" src=\"http:\/\/damas.laiglesiadelacomunidad.com\/wp-content\/uploads\/2016\/02\/2016-02-17-22.04.19.jpg\" alt=\"2016-02-17 22.04.19\" width=\"1600\" height=\"1200\" srcset=\"http:\/\/damas.laiglesiadelacomunidad.com\/wp-content\/uploads\/2016\/02\/2016-02-17-22.04.19.jpg 1600w, http:\/\/damas.laiglesiadelacomunidad.com\/wp-content\/uploads\/2016\/02\/2016-02-17-22.04.19-300x225.jpg 300w, http:\/\/damas.laiglesiadelacomunidad.com\/wp-content\/uploads\/2016\/02\/2016-02-17-22.04.19-768x576.jpg 768w, http:\/\/damas.laiglesiadelacomunidad.com\/wp-content\/uploads\/2016\/02\/2016-02-17-22.04.19-1024x768.jpg 1024w\" sizes=\"(max-width: 1600px) 100vw, 1600px\" \/><\/a> <a href=\"http:\/\/damas.laiglesiadelacomunidad.com\/?attachment_id=10635\" rel=\"attachment wp-att-10635\"><img loading=\"lazy\" decoding=\"async\" class=\"alignnone size-full wp-image-10635\" src=\"http:\/\/damas.laiglesiadelacomunidad.com\/wp-content\/uploads\/2016\/02\/2016-02-17-22.04.23.jpg\" alt=\"2016-02-17 22.04.23\" width=\"1600\" height=\"1200\" srcset=\"http:\/\/damas.laiglesiadelacomunidad.com\/wp-content\/uploads\/2016\/02\/2016-02-17-22.04.23.jpg 1600w, http:\/\/damas.laiglesiadelacomunidad.com\/wp-content\/uploads\/2016\/02\/2016-02-17-22.04.23-300x225.jpg 300w, http:\/\/damas.laiglesiadelacomunidad.com\/wp-content\/uploads\/2016\/02\/2016-02-17-22.04.23-768x576.jpg 768w, http:\/\/damas.laiglesiadelacomunidad.com\/wp-content\/uploads\/2016\/02\/2016-02-17-22.04.23-1024x768.jpg 1024w\" sizes=\"(max-width: 1600px) 100vw, 1600px\" \/><\/a><\/p>\n","protected":false},"excerpt":{"rendered":"<p>Gracias Se\u00f1or por otro buen estudio, gracias por tantos ni\u00f1os que pueden estar entre nosotras viendonos estudiar, te pedimos Se\u00f1or que podamos ser un buen ejemplo para \u00e9sta generaci\u00f3n. Te damos gracias por la vida de Michelle Vasquez, Feliz cumplea\u00f1os Mich, que Dios te conceda los deseos de tu coraz\u00f3n. El tema del estudio de &hellip; <a href=\"http:\/\/damas.laiglesiadelacomunidad.com\/?p=10619\" class=\"more-link\">Continue reading <span class=\"screen-reader-text\">Estudio Mi\u00e9rcoles 17 de Feb. del 2016<\/span> <span class=\"meta-nav\">&rarr;<\/span><\/a><\/p>\n","protected":false},"author":2,"featured_media":0,"comment_status":"open","ping_status":"open","sticky":false,"template":"","format":"gallery","meta":{"footnotes":""},"categories":[6],"tags":[],"_links":{"self":[{"href":"http:\/\/damas.laiglesiadelacomunidad.com\/index.php?rest_route=\/wp\/v2\/posts\/10619"}],"collection":[{"href":"http:\/\/damas.laiglesiadelacomunidad.com\/index.php?rest_route=\/wp\/v2\/posts"}],"about":[{"href":"http:\/\/damas.laiglesiadelacomunidad.com\/index.php?rest_route=\/wp\/v2\/types\/post"}],"author":[{"embeddable":true,"href":"http:\/\/damas.laiglesiadelacomunidad.com\/index.php?rest_route=\/wp\/v2\/users\/2"}],"replies":[{"embeddable":true,"href":"http:\/\/damas.laiglesiadelacomunidad.com\/index.php?rest_route=%2Fwp%2Fv2%2Fcomments&post=10619"}],"version-history":[{"count":2,"href":"http:\/\/damas.laiglesiadelacomunidad.com\/index.php?rest_route=\/wp\/v2\/posts\/10619\/revisions"}],"predecessor-version":[{"id":10636,"href":"http:\/\/damas.laiglesiadelacomunidad.com\/index.php?rest_route=\/wp\/v2\/posts\/10619\/revisions\/10636"}],"wp:attachment":[{"href":"http:\/\/damas.laiglesiadelacomunidad.com\/index.php?rest_route=%2Fwp%2Fv2%2Fmedia&parent=10619"}],"wp:term":[{"taxonomy":"category","embeddable":true,"href":"http:\/\/damas.laiglesiadelacomunidad.com\/index.php?rest_route=%2Fwp%2Fv2%2Fcategories&post=10619"},{"taxonomy":"post_tag","embeddable":true,"href":"http:\/\/damas.laiglesiadelacomunidad.com\/index.php?rest_route=%2Fwp%2Fv2%2Ftags&post=10619"}],"curies":[{"name":"wp","href":"https:\/\/api.w.org\/{rel}","templated":true}]}}