{"id":10597,"date":"2016-02-14T23:54:55","date_gmt":"2016-02-15T05:54:55","guid":{"rendered":"http:\/\/damas.laiglesiadelacomunidad.com\/?p=10597"},"modified":"2016-02-15T00:44:49","modified_gmt":"2016-02-15T06:44:49","slug":"reunion-domingo-14-de-febrero-2016","status":"publish","type":"post","link":"http:\/\/damas.laiglesiadelacomunidad.com\/?p=10597","title":{"rendered":"Reuni\u00f3n  domingo 14 de Febrero 2016"},"content":{"rendered":"<p>Gracias Padre por otra linda noche, gracias por todas nuestras amigas, gracias por \u00e9sta linda comunidad que nos has dado, gracias por ser nuestro mejor amigo y por aceptarnos y sacarnos de donde estabamos, gracias por salvarnos y gracias por tantas amistades que nos has dado en el evangelio, gracias por darnos tantas amistades con pr\u00f3posito.<\/p>\n<p>El tema de hoy tuvo que ver con amistad, el tema de hoy fue: &#8220;otros salvados por tu fe&#8221; y la idea grande de hoy fue: &#8220;Por Tu Fe Dios salva a otros&#8221; hoy leimos una historia linda sobre amistad, una historia de Fe y amistad, se trata de unos amigos que llevaron a su amigo paral\u00edtico a Jes\u00fas para que lo sanara y no solo lo sano sino que tambi\u00e9n lo perdon\u00f3 y esto no hubiera sido posible si sus amigos no hubieran tenido suficiente Fe para creer que Jes\u00fas lo iba a salvar. Tambi\u00e9n es una historia de amor y de sacrificio porque ellos cargaron a su amigo no sabemos desde donde, ten\u00edan que atravezar por un gent\u00edo y pero eso no les bast\u00f3 tanto quer\u00edan que Jes\u00fas sanara a su amigo que lo subieron al techo e hicieron un hoyo en el techo para bajarlo y ponerlo enfrente de Jes\u00fas, \u00bfse imaginan? que AMOR y que FE ten\u00edan estos hombres.<\/p>\n<p>Un d\u00eda por la Fe de alguien y por el amor de compartir el evangelio nosotros tambi\u00e9n podemos contar una historia de Amor y Fe, el amor que tuvo en mi caso mi esposo, pero yo s\u00e9 que cada una tiene una historia de Amor y Fe, recordemos esas historias y hagamos lo mismo que estas personas hicieron con nosotras, compartamos el evangelio con nuestras amigas para que Jes\u00fas las sane y perdone eternamente. No tengamos miedo, seamos valientes como estos hombres, y demosle gloria a Dios por los resultados<\/p>\n<p class=\"chapter-1\"><strong><span class=\"text Matt-9-1\">Entonces, entrando Jes\u00fas en la barca, pas\u00f3 al otro lado y vino a su ciudad.<\/span><span id=\"es-RVR1960-23383\" class=\"text Matt-9-2\"><sup class=\"versenum\">&nbsp;<\/sup>Y sucedi\u00f3 que le trajeron un paral\u00edtico, tendido sobre una cama; y al ver Jes\u00fas la fe de ellos, dijo al paral\u00edtico: <span style=\"color: #ff0000;\">Ten \u00e1nimo, hijo; tus pecados te son perdonados.<\/span><\/span><span id=\"es-RVR1960-23384\" class=\"text Matt-9-3\"><sup class=\"versenum\">&nbsp;<\/sup>Entonces algunos de los escribas dec\u00edan dentro de s\u00ed: Este blasfema.<\/span><span id=\"es-RVR1960-23385\" class=\"text Matt-9-4\"><sup class=\"versenum\">&nbsp;<\/sup>Y conociendo Jes\u00fas los pensamientos de ellos, dijo: <span style=\"color: #ff0000;\">\u00bfPor qu\u00e9 pens\u00e1is mal en vuestros corazones?&nbsp;<\/span><\/span><span id=\"es-RVR1960-23386\" class=\"text Matt-9-5\" style=\"color: #ff0000;\">Porque, \u00bfqu\u00e9 es m\u00e1s f\u00e1cil, decir: Los pecados te son perdonados, o decir: Lev\u00e1ntate y anda?<\/span><span id=\"es-RVR1960-23387\" class=\"text Matt-9-6\"><span style=\"color: #ff0000;\"><sup class=\"versenum\">&nbsp;<\/sup>Pues para que sep\u00e1is que el Hijo del Hombre tiene potestad en la tierra para perdonar pecados<\/span> (dice entonces al paral\u00edtico): <span style=\"color: #ff0000;\">Lev\u00e1ntate, toma tu cama, y vete a tu casa.<\/span>&nbsp;<\/span><span id=\"es-RVR1960-23388\" class=\"text Matt-9-7\">Entonces \u00e9l se levant\u00f3 y se fue a su casa.&nbsp;<\/span><span id=\"es-RVR1960-23389\" class=\"text Matt-9-8\"><sup class=\"versenum\">&nbsp;<\/sup>Y la gente, al verlo, se maravill\u00f3 y glorific\u00f3 a Dios, que hab\u00eda dado tal potestad a los hombres.&nbsp;<\/span><\/strong><span id=\"es-RVR1960-23389\" class=\"text Matt-9-8\">Mateo 9:1-8<\/span><\/p>\n<p class=\"chapter-1\"><strong><span class=\"text Mark-2-1\">Entr\u00f3 Jes\u00fas otra vez en Capernaum despu\u00e9s de algunos d\u00edas; y se oy\u00f3 que estaba en casa.&nbsp;<\/span><span id=\"es-RVR1960-24264\" class=\"text Mark-2-2\">E inmediatamente se juntaron muchos, de manera que ya no cab\u00edan ni aun a la puerta; y les predicaba la palabra.<\/span><span id=\"es-RVR1960-24265\" class=\"text Mark-2-3\">Entonces vinieron a \u00e9l unos trayendo un paral\u00edtico, que era cargado por cuatro.<\/span><span id=\"es-RVR1960-24266\" class=\"text Mark-2-4\"><sup class=\"versenum\">&nbsp;<\/sup>Y como no pod\u00edan acercarse a \u00e9l a causa de la multitud, descubrieron el techo de donde estaba, y haciendo una abertura, bajaron el lecho en que yac\u00eda el paral\u00edtico.&nbsp;<\/span><span id=\"es-RVR1960-24267\" class=\"text Mark-2-5\">Al ver Jes\u00fas la fe de ellos, dijo al paral\u00edtico: <span style=\"color: #ff0000;\">Hijo, tus pecados te son perdonados.<\/span><\/span><span id=\"es-RVR1960-24268\" class=\"text Mark-2-6\"><sup class=\"versenum\">&nbsp;<\/sup>Estaban all\u00ed sentados algunos de los escribas, los cuales cavilaban en sus corazones:&nbsp;<\/span><span id=\"es-RVR1960-24269\" class=\"text Mark-2-7\">\u00bfPor qu\u00e9 habla \u00e9ste as\u00ed? Blasfemias dice. \u00bfQui\u00e9n puede perdonar pecados, sino s\u00f3lo Dios?&nbsp;<\/span><span id=\"es-RVR1960-24270\" class=\"text Mark-2-8\">Y conociendo luego Jes\u00fas en su esp\u00edritu que cavilaban de esta manera dentro de s\u00ed mismos, les dijo: <span style=\"color: #ff0000;\">\u00bfPor qu\u00e9 cavil\u00e1is as\u00ed en vuestros corazones?<\/span><\/span><span id=\"es-RVR1960-24271\" class=\"text Mark-2-9\" style=\"color: #ff0000;\"><sup class=\"versenum\">&nbsp;<\/sup>\u00bfQu\u00e9 es m\u00e1s f\u00e1cil, decir al paral\u00edtico: Tus pecados te son perdonados, o decirle: Lev\u00e1ntate, toma tu lecho y anda?&nbsp;<\/span><span id=\"es-RVR1960-24272\" class=\"text Mark-2-10\"><span style=\"color: #ff0000;\"><sup class=\"versenum\">&nbsp;<\/sup>Pues para que sep\u00e1is que el Hijo del Hombre tiene potestad en la tierra para perdonar pecados<\/span> (dijo al paral\u00edtico):&nbsp;<\/span><span id=\"es-RVR1960-24273\" class=\"text Mark-2-11\"><sup class=\"versenum\">&nbsp;<\/sup><span style=\"color: #ff0000;\">A ti te digo: Lev\u00e1ntate, toma tu lecho, y vete a tu casa.<\/span><\/span><\/strong><span id=\"es-RVR1960-24274\" class=\"text Mark-2-12\"><strong><sup class=\"versenum\">&nbsp;<\/sup>Entonces \u00e9l se levant\u00f3 en seguida, y tomando su lecho, sali\u00f3 delante de todos, de manera que todos se asombraron, y glorificaron a Dios, diciendo: Nunca hemos visto tal cosa.<\/strong> Marcos 2:1-12<\/span><\/p>\n<p class=\"chapter-1\">Gracias Padre por tan buen mensaje que recibimos hoy, te ponemos en tus manos a tantas amistades que aun no te conocen que tu les pongas el deseo fuerte de seguirte, que tu nos des m\u00e1s oportunidades de predicar el evangelio, te pedimos por las personas que hoy pusistes en nuestras mentes para que nos des el valor de pedirles el estudio para que tengan paz contigo, te lo pedimos en nombre de Tu Hijo Amado, am\u00e9n.<\/p>\n<p class=\"chapter-1\">Que tengan una linda semana, Dios las bendiga;<\/p>\n<p class=\"chapter-1\">Jackie C.<\/p>\n<p class=\"chapter-1\"><a href=\"http:\/\/damas.laiglesiadelacomunidad.com\/wp-content\/uploads\/2016\/02\/img_1627.jpg\"><img loading=\"lazy\" decoding=\"async\" width=\"747\" height=\"1328\" alt=\"\" src=\"http:\/\/damas.laiglesiadelacomunidad.com\/wp-content\/uploads\/2016\/02\/img_1627.jpg\" title=\"\" class=\"size-custom\"><\/a>&nbsp;&nbsp;\n<\/p>\n<p><a href=\"http:\/\/damas.laiglesiadelacomunidad.com\/wp-content\/uploads\/2016\/02\/img_1628.jpg\"><img decoding=\"async\" src=\"http:\/\/damas.laiglesiadelacomunidad.com\/wp-content\/uploads\/2016\/02\/img_1628.jpg\" alt=\"\"><\/a>&nbsp;<\/p>\n<p class=\"chapter-1\"><a href=\"http:\/\/damas.laiglesiadelacomunidad.com\/?attachment_id=10598\" rel=\"attachment wp-att-10598\"><img loading=\"lazy\" decoding=\"async\" class=\"alignnone size-full wp-image-10598\" src=\"http:\/\/damas.laiglesiadelacomunidad.com\/wp-content\/uploads\/2016\/02\/2016-02-14-23.52.03.jpg\" alt=\"2016-02-14 23.52.03\" width=\"1200\" height=\"1600\" srcset=\"http:\/\/damas.laiglesiadelacomunidad.com\/wp-content\/uploads\/2016\/02\/2016-02-14-23.52.03.jpg 1200w, http:\/\/damas.laiglesiadelacomunidad.com\/wp-content\/uploads\/2016\/02\/2016-02-14-23.52.03-225x300.jpg 225w, http:\/\/damas.laiglesiadelacomunidad.com\/wp-content\/uploads\/2016\/02\/2016-02-14-23.52.03-768x1024.jpg 768w\" sizes=\"(max-width: 1200px) 100vw, 1200px\" \/><\/a> <a href=\"http:\/\/damas.laiglesiadelacomunidad.com\/?attachment_id=10599\" rel=\"attachment wp-att-10599\"><img loading=\"lazy\" decoding=\"async\" class=\"alignnone size-full wp-image-10599\" src=\"http:\/\/damas.laiglesiadelacomunidad.com\/wp-content\/uploads\/2016\/02\/2016-02-14-23.52.06.jpg\" alt=\"2016-02-14 23.52.06\" width=\"1200\" height=\"1600\" srcset=\"http:\/\/damas.laiglesiadelacomunidad.com\/wp-content\/uploads\/2016\/02\/2016-02-14-23.52.06.jpg 1200w, http:\/\/damas.laiglesiadelacomunidad.com\/wp-content\/uploads\/2016\/02\/2016-02-14-23.52.06-225x300.jpg 225w, http:\/\/damas.laiglesiadelacomunidad.com\/wp-content\/uploads\/2016\/02\/2016-02-14-23.52.06-768x1024.jpg 768w\" sizes=\"(max-width: 1200px) 100vw, 1200px\" \/><\/a> <a href=\"http:\/\/damas.laiglesiadelacomunidad.com\/?attachment_id=10600\" rel=\"attachment wp-att-10600\"><img loading=\"lazy\" decoding=\"async\" class=\"alignnone size-full wp-image-10600\" src=\"http:\/\/damas.laiglesiadelacomunidad.com\/wp-content\/uploads\/2016\/02\/2016-02-14-23.52.09.jpg\" alt=\"2016-02-14 23.52.09\" width=\"1200\" height=\"1600\" srcset=\"http:\/\/damas.laiglesiadelacomunidad.com\/wp-content\/uploads\/2016\/02\/2016-02-14-23.52.09.jpg 1200w, http:\/\/damas.laiglesiadelacomunidad.com\/wp-content\/uploads\/2016\/02\/2016-02-14-23.52.09-225x300.jpg 225w, http:\/\/damas.laiglesiadelacomunidad.com\/wp-content\/uploads\/2016\/02\/2016-02-14-23.52.09-768x1024.jpg 768w\" sizes=\"(max-width: 1200px) 100vw, 1200px\" \/><\/a> <a href=\"http:\/\/damas.laiglesiadelacomunidad.com\/?attachment_id=10601\" rel=\"attachment wp-att-10601\"><img loading=\"lazy\" decoding=\"async\" class=\"alignnone size-full wp-image-10601\" src=\"http:\/\/damas.laiglesiadelacomunidad.com\/wp-content\/uploads\/2016\/02\/2016-02-14-23.52.13.jpg\" alt=\"2016-02-14 23.52.13\" width=\"1200\" height=\"1600\" srcset=\"http:\/\/damas.laiglesiadelacomunidad.com\/wp-content\/uploads\/2016\/02\/2016-02-14-23.52.13.jpg 1200w, http:\/\/damas.laiglesiadelacomunidad.com\/wp-content\/uploads\/2016\/02\/2016-02-14-23.52.13-225x300.jpg 225w, http:\/\/damas.laiglesiadelacomunidad.com\/wp-content\/uploads\/2016\/02\/2016-02-14-23.52.13-768x1024.jpg 768w\" sizes=\"(max-width: 1200px) 100vw, 1200px\" \/><\/a> <a href=\"http:\/\/damas.laiglesiadelacomunidad.com\/?attachment_id=10602\" rel=\"attachment wp-att-10602\"><img loading=\"lazy\" decoding=\"async\" class=\"alignnone size-full wp-image-10602\" src=\"http:\/\/damas.laiglesiadelacomunidad.com\/wp-content\/uploads\/2016\/02\/2016-02-14-23.52.16.jpg\" alt=\"2016-02-14 23.52.16\" width=\"1200\" height=\"1600\" srcset=\"http:\/\/damas.laiglesiadelacomunidad.com\/wp-content\/uploads\/2016\/02\/2016-02-14-23.52.16.jpg 1200w, http:\/\/damas.laiglesiadelacomunidad.com\/wp-content\/uploads\/2016\/02\/2016-02-14-23.52.16-225x300.jpg 225w, http:\/\/damas.laiglesiadelacomunidad.com\/wp-content\/uploads\/2016\/02\/2016-02-14-23.52.16-768x1024.jpg 768w\" sizes=\"(max-width: 1200px) 100vw, 1200px\" \/><\/a> <a href=\"http:\/\/damas.laiglesiadelacomunidad.com\/?attachment_id=10603\" rel=\"attachment wp-att-10603\"><img loading=\"lazy\" decoding=\"async\" class=\"alignnone size-full wp-image-10603\" src=\"http:\/\/damas.laiglesiadelacomunidad.com\/wp-content\/uploads\/2016\/02\/2016-02-14-23.52.24.jpg\" alt=\"2016-02-14 23.52.24\" width=\"1200\" height=\"1600\" srcset=\"http:\/\/damas.laiglesiadelacomunidad.com\/wp-content\/uploads\/2016\/02\/2016-02-14-23.52.24.jpg 1200w, http:\/\/damas.laiglesiadelacomunidad.com\/wp-content\/uploads\/2016\/02\/2016-02-14-23.52.24-225x300.jpg 225w, http:\/\/damas.laiglesiadelacomunidad.com\/wp-content\/uploads\/2016\/02\/2016-02-14-23.52.24-768x1024.jpg 768w\" sizes=\"(max-width: 1200px) 100vw, 1200px\" \/><\/a> <a href=\"http:\/\/damas.laiglesiadelacomunidad.com\/?attachment_id=10604\" rel=\"attachment wp-att-10604\"><img loading=\"lazy\" decoding=\"async\" class=\"alignnone size-full wp-image-10604\" src=\"http:\/\/damas.laiglesiadelacomunidad.com\/wp-content\/uploads\/2016\/02\/2016-02-14-23.52.27.jpg\" alt=\"2016-02-14 23.52.27\" width=\"1200\" height=\"1600\" srcset=\"http:\/\/damas.laiglesiadelacomunidad.com\/wp-content\/uploads\/2016\/02\/2016-02-14-23.52.27.jpg 1200w, http:\/\/damas.laiglesiadelacomunidad.com\/wp-content\/uploads\/2016\/02\/2016-02-14-23.52.27-225x300.jpg 225w, http:\/\/damas.laiglesiadelacomunidad.com\/wp-content\/uploads\/2016\/02\/2016-02-14-23.52.27-768x1024.jpg 768w\" sizes=\"(max-width: 1200px) 100vw, 1200px\" \/><\/a> <a href=\"http:\/\/damas.laiglesiadelacomunidad.com\/?attachment_id=10605\" rel=\"attachment wp-att-10605\"><img loading=\"lazy\" decoding=\"async\" class=\"alignnone size-full wp-image-10605\" src=\"http:\/\/damas.laiglesiadelacomunidad.com\/wp-content\/uploads\/2016\/02\/2016-02-14-23.52.33.jpg\" alt=\"2016-02-14 23.52.33\" width=\"1200\" height=\"1600\" srcset=\"http:\/\/damas.laiglesiadelacomunidad.com\/wp-content\/uploads\/2016\/02\/2016-02-14-23.52.33.jpg 1200w, http:\/\/damas.laiglesiadelacomunidad.com\/wp-content\/uploads\/2016\/02\/2016-02-14-23.52.33-225x300.jpg 225w, http:\/\/damas.laiglesiadelacomunidad.com\/wp-content\/uploads\/2016\/02\/2016-02-14-23.52.33-768x1024.jpg 768w\" sizes=\"(max-width: 1200px) 100vw, 1200px\" \/><\/a> <a href=\"http:\/\/damas.laiglesiadelacomunidad.com\/?attachment_id=10606\" rel=\"attachment wp-att-10606\"><img loading=\"lazy\" decoding=\"async\" class=\"alignnone size-full wp-image-10606\" src=\"http:\/\/damas.laiglesiadelacomunidad.com\/wp-content\/uploads\/2016\/02\/2016-02-14-23.52.36.jpg\" alt=\"2016-02-14 23.52.36\" width=\"1200\" height=\"1600\" srcset=\"http:\/\/damas.laiglesiadelacomunidad.com\/wp-content\/uploads\/2016\/02\/2016-02-14-23.52.36.jpg 1200w, http:\/\/damas.laiglesiadelacomunidad.com\/wp-content\/uploads\/2016\/02\/2016-02-14-23.52.36-225x300.jpg 225w, http:\/\/damas.laiglesiadelacomunidad.com\/wp-content\/uploads\/2016\/02\/2016-02-14-23.52.36-768x1024.jpg 768w\" sizes=\"(max-width: 1200px) 100vw, 1200px\" \/><\/a> <a href=\"http:\/\/damas.laiglesiadelacomunidad.com\/?attachment_id=10607\" rel=\"attachment wp-att-10607\"><img loading=\"lazy\" decoding=\"async\" class=\"alignnone size-full wp-image-10607\" src=\"http:\/\/damas.laiglesiadelacomunidad.com\/wp-content\/uploads\/2016\/02\/2016-02-14-23.52.39.jpg\" alt=\"2016-02-14 23.52.39\" width=\"1600\" height=\"1200\" srcset=\"http:\/\/damas.laiglesiadelacomunidad.com\/wp-content\/uploads\/2016\/02\/2016-02-14-23.52.39.jpg 1600w, http:\/\/damas.laiglesiadelacomunidad.com\/wp-content\/uploads\/2016\/02\/2016-02-14-23.52.39-300x225.jpg 300w, http:\/\/damas.laiglesiadelacomunidad.com\/wp-content\/uploads\/2016\/02\/2016-02-14-23.52.39-768x576.jpg 768w, http:\/\/damas.laiglesiadelacomunidad.com\/wp-content\/uploads\/2016\/02\/2016-02-14-23.52.39-1024x768.jpg 1024w\" sizes=\"(max-width: 1600px) 100vw, 1600px\" \/><\/a><\/p>\n","protected":false},"excerpt":{"rendered":"<p>Gracias Padre por otra linda noche, gracias por todas nuestras amigas, gracias por \u00e9sta linda comunidad que nos has dado, gracias por ser nuestro mejor amigo y por aceptarnos y sacarnos de donde estabamos, gracias por salvarnos y gracias por tantas amistades que nos has dado en el evangelio, gracias por darnos tantas amistades con &hellip; <a href=\"http:\/\/damas.laiglesiadelacomunidad.com\/?p=10597\" class=\"more-link\">Continue reading <span class=\"screen-reader-text\">Reuni\u00f3n  domingo 14 de Febrero 2016<\/span> <span class=\"meta-nav\">&rarr;<\/span><\/a><\/p>\n","protected":false},"author":2,"featured_media":0,"comment_status":"open","ping_status":"open","sticky":false,"template":"","format":"gallery","meta":{"footnotes":""},"categories":[7],"tags":[],"_links":{"self":[{"href":"http:\/\/damas.laiglesiadelacomunidad.com\/index.php?rest_route=\/wp\/v2\/posts\/10597"}],"collection":[{"href":"http:\/\/damas.laiglesiadelacomunidad.com\/index.php?rest_route=\/wp\/v2\/posts"}],"about":[{"href":"http:\/\/damas.laiglesiadelacomunidad.com\/index.php?rest_route=\/wp\/v2\/types\/post"}],"author":[{"embeddable":true,"href":"http:\/\/damas.laiglesiadelacomunidad.com\/index.php?rest_route=\/wp\/v2\/users\/2"}],"replies":[{"embeddable":true,"href":"http:\/\/damas.laiglesiadelacomunidad.com\/index.php?rest_route=%2Fwp%2Fv2%2Fcomments&post=10597"}],"version-history":[{"count":2,"href":"http:\/\/damas.laiglesiadelacomunidad.com\/index.php?rest_route=\/wp\/v2\/posts\/10597\/revisions"}],"predecessor-version":[{"id":10611,"href":"http:\/\/damas.laiglesiadelacomunidad.com\/index.php?rest_route=\/wp\/v2\/posts\/10597\/revisions\/10611"}],"wp:attachment":[{"href":"http:\/\/damas.laiglesiadelacomunidad.com\/index.php?rest_route=%2Fwp%2Fv2%2Fmedia&parent=10597"}],"wp:term":[{"taxonomy":"category","embeddable":true,"href":"http:\/\/damas.laiglesiadelacomunidad.com\/index.php?rest_route=%2Fwp%2Fv2%2Fcategories&post=10597"},{"taxonomy":"post_tag","embeddable":true,"href":"http:\/\/damas.laiglesiadelacomunidad.com\/index.php?rest_route=%2Fwp%2Fv2%2Ftags&post=10597"}],"curies":[{"name":"wp","href":"https:\/\/api.w.org\/{rel}","templated":true}]}}