{"id":10578,"date":"2016-02-10T22:37:54","date_gmt":"2016-02-11T04:37:54","guid":{"rendered":"http:\/\/damas.laiglesiadelacomunidad.com\/?p=10578"},"modified":"2016-02-10T23:24:59","modified_gmt":"2016-02-11T05:24:59","slug":"estudio-miercoles-10-de-febrero-del-2015","status":"publish","type":"post","link":"http:\/\/damas.laiglesiadelacomunidad.com\/?p=10578","title":{"rendered":"Estudio mi\u00e9rcoles 10 de Febrero del 2015"},"content":{"rendered":"<p>Gracias Se\u00f1or por la amistad que compartimos en los grupos de comunidad, gracias por darnos el privilegio de ser amigas en las buenas y en las malas, gracias por la hermandad y el amor que compartimos. Gracias por tan linda noche, gracias por la vida de do\u00f1a Ruth, te pedimos Se\u00f1or que tu la sigas llenando de bendiciones y es un placer tenerla de nuevo entre nosotras.<\/p>\n<p>Que estudio tan intenso el de hoy, y no era para menos, el tema del estudio de hoy fue<strong> &#8220;La Guerra Esp\u00edritual&#8221;<\/strong> y la idea grande fue: <strong>&#8220;El mundo esp\u00edritual es muy real&#8221;&nbsp;<\/strong>a veces creemos en Dios pero no creemos que existe Satan\u00e1s lo miramos de menos, creemos en angeles celestiales pero no creemos en demonios, lo que vemos en la Biblia y en nuestra vida es que el mundo espiritual invisible es muy real, los demonios pueden poseer personas y por lo que vimos en la historia de hoy puede habitar en animales, la obra esp\u00edritual maligna es s\u00faper destructiva, hemos visto destrucci\u00f3n de individuos, de matrimonios, destrucci\u00f3n de vida cristiana, pero el poder de Dios es mucho m\u00e1s grande.<\/p>\n<p>Tenemos que estar concientes de la guerra esp\u00edritual que libramos d\u00eda a d\u00eda, tenemos que conocer a nuestro enemigo, saber que forma toma y cuando nos est\u00e1 atacando y lo que es aun m\u00e1s importante tenemos que conocer muy bien las armas que estan a nuestra disposici\u00f3n para vencerlo y para que huya de nosotros. La fuerza esp\u00edritual que mora en nosotros desde el d\u00eda que nos bautizamos hizo que Jes\u00fas se levantara de la muerte, as\u00ed que no la menospreciemos.<\/p>\n<p><strong>Sed sobrios, y velad; porque vuestro adversario el diablo, como le\u00f3n rugiente, anda alrededor buscando a quien devorar<\/strong>; 1 Pedro 5:8<\/p>\n<p><strong><span id=\"es-RVC-28280\" class=\"text Rom-13-12\">La noche ha avanzado, y se acerca el d\u00eda. Por tanto, desechemos las obras de las tinieblas, y revist\u00e1monos de las armas de la luz.<\/span> <span id=\"es-RVC-28281\" class=\"text Rom-13-13\">Vivamos con honestidad, como a la luz del d\u00eda, y no andemos en glotoner\u00edas ni en borracheras, ni en lujurias y lascivias, ni en contiendas y envidias.<\/span> <\/strong><span id=\"es-RVC-28282\" class=\"text Rom-13-14\"><strong><sup class=\"versenum\">&nbsp;<\/sup>M\u00e1s bien, revist\u00e1monos del Se\u00f1or Jesucristo, y no busquemos satisfacer los deseos de la carne.<\/strong> Romanos 13:12-14<\/span><\/p>\n<p><strong><span class=\"text Eph-6-10\"><sup class=\"versenum\">&nbsp;<\/sup>Por lo dem\u00e1s, hermanos m\u00edos, mant\u00e9nganse firmes en el Se\u00f1or y en el poder de su fuerza.<\/span> <span id=\"es-RVC-29350\" class=\"text Eph-6-11\">Rev\u00edstanse de toda la armadura de Dios, para que puedan hacer frente a las asechanzas del diablo.<\/span><span id=\"es-RVC-29351\" class=\"text Eph-6-12\"><sup class=\"versenum\">&nbsp;<\/sup>La batalla que libramos no es contra gente de carne y hueso, sino contra principados y potestades, contra los que gobiernan las tinieblas de este mundo, \u00a1contra huestes espirituales de maldad en las regiones celestes!<\/span> <span id=\"es-RVC-29352\" class=\"text Eph-6-13\"><sup class=\"versenum\">&nbsp;<\/sup>Por lo tanto, echen mano de toda la armadura de Dios para que, cuando llegue el d\u00eda malo, puedan resistir hasta el fin y permanecer firmes.<\/span> <span id=\"es-RVC-29353\" class=\"text Eph-6-14\">Por tanto, mant\u00e9nganse firmes y fajados con el cintur\u00f3n de la verdad, revestidos con la coraza de justicia,<\/span> <span id=\"es-RVC-29354\" class=\"text Eph-6-15\"><sup class=\"versenum\">&nbsp;<\/sup>y con los pies calzados con la disposici\u00f3n de predicar el evangelio de la paz.<\/span> <span id=\"es-RVC-29355\" class=\"text Eph-6-16\">Adem\u00e1s de todo esto, prot\u00e9janse con el escudo de la fe, para que puedan apagar todas las flechas incendiarias del maligno.<\/span> <span id=\"es-RVC-29356\" class=\"text Eph-6-17\"><sup class=\"versenum\">&nbsp;<\/sup>C\u00fabranse con el casco de la salvaci\u00f3n, y esgriman la espada del Esp\u00edritu, que es la palabra de Dios.<\/span> <span id=\"es-RVC-29357\" class=\"text Eph-6-18\"><sup class=\"versenum\">&nbsp;<\/sup>Oren en todo tiempo con toda oraci\u00f3n y s\u00faplica en el Esp\u00edritu, y mant\u00e9nganse atentos, siempre orando por todos los santos.<\/span> <span id=\"es-RVC-29358\" class=\"text Eph-6-19\">Oren tambi\u00e9n por m\u00ed, para que cuando hable me sea dado el don de la palabra y d\u00e9 a conocer sin temor el misterio del evangelio,<span style=\"font-size: 12px; line-height: 0px;\">&nbsp;<\/span><\/span><\/strong><span id=\"es-RVC-29359\" class=\"text Eph-6-20\"><strong>del cual soy embajador en cadenas. Oren para que lo proclame sin ning\u00fan temor, que es como debo hacerlo.<\/strong> Efesios 6:10-20<\/span><\/p>\n<p><strong><span id=\"es-RVC-30346\" class=\"text Jas-4-7\">Por lo tanto, som\u00e9tanse a Dios; opongan resistencia al diablo, y \u00e9l huir\u00e1 de ustedes.<\/span> <\/strong><span id=\"es-RVC-30347\" class=\"text Jas-4-8\"><strong>Ac\u00e9rquense a Dios, y \u00e9l se acercar\u00e1 a ustedes. \u00a1L\u00edmpiense las manos, pecadores! Y ustedes, los pusil\u00e1nimes, \u00a1purifiquen su coraz\u00f3n!<\/strong> Santiago 4:7-8<\/span><\/p>\n<p>Gracias Se\u00f1or por tan buen estudio, gracias por abrir nuestros ojos a la lucha espiritual, te pedimos Se\u00f1or que tu nos cuides y nos protejas de lobos, malos obreros, demonios y angeles infieles y de satan\u00e1s mismo. Te pedimos que nos llenes de Tu Esp\u00edritu Santo, te rogamos por aquellos que han caido y que han seguido falsas doctrinas que Tu les abr\u00e1s los ojos y el entendimiento y vuelvan de su error, los llenes de Tu gracia y Tu Esp\u00edritu Santo y que sepan que en \u00e9sta familia se les ama, perdona y se les espera con los brazos abiertos, am\u00e9n.<\/p>\n<p>Que pasen una linda noche, Dios las bendiga y las llene de Su Esp\u00edritu y de Su sab\u00edduria.<\/p>\n<p>Jackie C.<\/p>\n<p><a href=\"http:\/\/damas.laiglesiadelacomunidad.com\/?attachment_id=10579\" rel=\"attachment wp-att-10579\"><img loading=\"lazy\" decoding=\"async\" class=\"alignnone size-full wp-image-10579\" src=\"http:\/\/damas.laiglesiadelacomunidad.com\/wp-content\/uploads\/2016\/02\/2016-02-10-21.56.09.jpg\" alt=\"2016-02-10 21.56.09\" width=\"1600\" height=\"1200\" srcset=\"http:\/\/damas.laiglesiadelacomunidad.com\/wp-content\/uploads\/2016\/02\/2016-02-10-21.56.09.jpg 1600w, http:\/\/damas.laiglesiadelacomunidad.com\/wp-content\/uploads\/2016\/02\/2016-02-10-21.56.09-300x225.jpg 300w, http:\/\/damas.laiglesiadelacomunidad.com\/wp-content\/uploads\/2016\/02\/2016-02-10-21.56.09-768x576.jpg 768w, http:\/\/damas.laiglesiadelacomunidad.com\/wp-content\/uploads\/2016\/02\/2016-02-10-21.56.09-1024x768.jpg 1024w\" sizes=\"(max-width: 1600px) 100vw, 1600px\" \/><\/a> <a href=\"http:\/\/damas.laiglesiadelacomunidad.com\/?attachment_id=10580\" rel=\"attachment wp-att-10580\"><img loading=\"lazy\" decoding=\"async\" class=\"alignnone size-full wp-image-10580\" src=\"http:\/\/damas.laiglesiadelacomunidad.com\/wp-content\/uploads\/2016\/02\/2016-02-10-21.56.13.jpg\" alt=\"2016-02-10 21.56.13\" width=\"1200\" height=\"1600\" srcset=\"http:\/\/damas.laiglesiadelacomunidad.com\/wp-content\/uploads\/2016\/02\/2016-02-10-21.56.13.jpg 1200w, http:\/\/damas.laiglesiadelacomunidad.com\/wp-content\/uploads\/2016\/02\/2016-02-10-21.56.13-225x300.jpg 225w, http:\/\/damas.laiglesiadelacomunidad.com\/wp-content\/uploads\/2016\/02\/2016-02-10-21.56.13-768x1024.jpg 768w\" sizes=\"(max-width: 1200px) 100vw, 1200px\" \/><\/a> <a href=\"http:\/\/damas.laiglesiadelacomunidad.com\/?attachment_id=10581\" rel=\"attachment wp-att-10581\"><img loading=\"lazy\" decoding=\"async\" class=\"alignnone size-full wp-image-10581\" src=\"http:\/\/damas.laiglesiadelacomunidad.com\/wp-content\/uploads\/2016\/02\/2016-02-10-21.56.17.jpg\" alt=\"2016-02-10 21.56.17\" width=\"1200\" height=\"1600\" srcset=\"http:\/\/damas.laiglesiadelacomunidad.com\/wp-content\/uploads\/2016\/02\/2016-02-10-21.56.17.jpg 1200w, http:\/\/damas.laiglesiadelacomunidad.com\/wp-content\/uploads\/2016\/02\/2016-02-10-21.56.17-225x300.jpg 225w, http:\/\/damas.laiglesiadelacomunidad.com\/wp-content\/uploads\/2016\/02\/2016-02-10-21.56.17-768x1024.jpg 768w\" sizes=\"(max-width: 1200px) 100vw, 1200px\" \/><\/a> <a href=\"http:\/\/damas.laiglesiadelacomunidad.com\/?attachment_id=10582\" rel=\"attachment wp-att-10582\"><img loading=\"lazy\" decoding=\"async\" class=\"alignnone size-full wp-image-10582\" src=\"http:\/\/damas.laiglesiadelacomunidad.com\/wp-content\/uploads\/2016\/02\/2016-02-10-21.56.19.jpg\" alt=\"2016-02-10 21.56.19\" width=\"1200\" height=\"1600\" srcset=\"http:\/\/damas.laiglesiadelacomunidad.com\/wp-content\/uploads\/2016\/02\/2016-02-10-21.56.19.jpg 1200w, http:\/\/damas.laiglesiadelacomunidad.com\/wp-content\/uploads\/2016\/02\/2016-02-10-21.56.19-225x300.jpg 225w, http:\/\/damas.laiglesiadelacomunidad.com\/wp-content\/uploads\/2016\/02\/2016-02-10-21.56.19-768x1024.jpg 768w\" sizes=\"(max-width: 1200px) 100vw, 1200px\" \/><\/a> <a href=\"http:\/\/damas.laiglesiadelacomunidad.com\/?attachment_id=10583\" rel=\"attachment wp-att-10583\"><img loading=\"lazy\" decoding=\"async\" class=\"alignnone size-full wp-image-10583\" src=\"http:\/\/damas.laiglesiadelacomunidad.com\/wp-content\/uploads\/2016\/02\/2016-02-10-21.56.22.jpg\" alt=\"2016-02-10 21.56.22\" width=\"1600\" height=\"1200\" srcset=\"http:\/\/damas.laiglesiadelacomunidad.com\/wp-content\/uploads\/2016\/02\/2016-02-10-21.56.22.jpg 1600w, http:\/\/damas.laiglesiadelacomunidad.com\/wp-content\/uploads\/2016\/02\/2016-02-10-21.56.22-300x225.jpg 300w, http:\/\/damas.laiglesiadelacomunidad.com\/wp-content\/uploads\/2016\/02\/2016-02-10-21.56.22-768x576.jpg 768w, http:\/\/damas.laiglesiadelacomunidad.com\/wp-content\/uploads\/2016\/02\/2016-02-10-21.56.22-1024x768.jpg 1024w\" sizes=\"(max-width: 1600px) 100vw, 1600px\" \/><\/a> <a href=\"http:\/\/damas.laiglesiadelacomunidad.com\/?attachment_id=10584\" rel=\"attachment wp-att-10584\"><img loading=\"lazy\" decoding=\"async\" class=\"alignnone size-full wp-image-10584\" src=\"http:\/\/damas.laiglesiadelacomunidad.com\/wp-content\/uploads\/2016\/02\/2016-02-10-21.56.24.jpg\" alt=\"2016-02-10 21.56.24\" width=\"1200\" height=\"1600\" srcset=\"http:\/\/damas.laiglesiadelacomunidad.com\/wp-content\/uploads\/2016\/02\/2016-02-10-21.56.24.jpg 1200w, http:\/\/damas.laiglesiadelacomunidad.com\/wp-content\/uploads\/2016\/02\/2016-02-10-21.56.24-225x300.jpg 225w, http:\/\/damas.laiglesiadelacomunidad.com\/wp-content\/uploads\/2016\/02\/2016-02-10-21.56.24-768x1024.jpg 768w\" sizes=\"(max-width: 1200px) 100vw, 1200px\" \/><\/a> <a href=\"http:\/\/damas.laiglesiadelacomunidad.com\/?attachment_id=10585\" rel=\"attachment wp-att-10585\"><img loading=\"lazy\" decoding=\"async\" class=\"alignnone size-full wp-image-10585\" src=\"http:\/\/damas.laiglesiadelacomunidad.com\/wp-content\/uploads\/2016\/02\/2016-02-10-21.56.27.jpg\" alt=\"2016-02-10 21.56.27\" width=\"1200\" height=\"1600\" srcset=\"http:\/\/damas.laiglesiadelacomunidad.com\/wp-content\/uploads\/2016\/02\/2016-02-10-21.56.27.jpg 1200w, http:\/\/damas.laiglesiadelacomunidad.com\/wp-content\/uploads\/2016\/02\/2016-02-10-21.56.27-225x300.jpg 225w, http:\/\/damas.laiglesiadelacomunidad.com\/wp-content\/uploads\/2016\/02\/2016-02-10-21.56.27-768x1024.jpg 768w\" sizes=\"(max-width: 1200px) 100vw, 1200px\" \/><\/a> <a href=\"http:\/\/damas.laiglesiadelacomunidad.com\/?attachment_id=10586\" rel=\"attachment wp-att-10586\"><img loading=\"lazy\" decoding=\"async\" class=\"alignnone size-full wp-image-10586\" src=\"http:\/\/damas.laiglesiadelacomunidad.com\/wp-content\/uploads\/2016\/02\/2016-02-10-21.56.30.jpg\" alt=\"2016-02-10 21.56.30\" width=\"1200\" height=\"1600\" srcset=\"http:\/\/damas.laiglesiadelacomunidad.com\/wp-content\/uploads\/2016\/02\/2016-02-10-21.56.30.jpg 1200w, http:\/\/damas.laiglesiadelacomunidad.com\/wp-content\/uploads\/2016\/02\/2016-02-10-21.56.30-225x300.jpg 225w, http:\/\/damas.laiglesiadelacomunidad.com\/wp-content\/uploads\/2016\/02\/2016-02-10-21.56.30-768x1024.jpg 768w\" sizes=\"(max-width: 1200px) 100vw, 1200px\" \/><\/a><\/p>\n","protected":false},"excerpt":{"rendered":"<p>Gracias Se\u00f1or por la amistad que compartimos en los grupos de comunidad, gracias por darnos el privilegio de ser amigas en las buenas y en las malas, gracias por la hermandad y el amor que compartimos. Gracias por tan linda noche, gracias por la vida de do\u00f1a Ruth, te pedimos Se\u00f1or que tu la sigas &hellip; <a href=\"http:\/\/damas.laiglesiadelacomunidad.com\/?p=10578\" class=\"more-link\">Continue reading <span class=\"screen-reader-text\">Estudio mi\u00e9rcoles 10 de Febrero del 2015<\/span> <span class=\"meta-nav\">&rarr;<\/span><\/a><\/p>\n","protected":false},"author":2,"featured_media":0,"comment_status":"open","ping_status":"open","sticky":false,"template":"","format":"gallery","meta":{"footnotes":""},"categories":[6],"tags":[],"_links":{"self":[{"href":"http:\/\/damas.laiglesiadelacomunidad.com\/index.php?rest_route=\/wp\/v2\/posts\/10578"}],"collection":[{"href":"http:\/\/damas.laiglesiadelacomunidad.com\/index.php?rest_route=\/wp\/v2\/posts"}],"about":[{"href":"http:\/\/damas.laiglesiadelacomunidad.com\/index.php?rest_route=\/wp\/v2\/types\/post"}],"author":[{"embeddable":true,"href":"http:\/\/damas.laiglesiadelacomunidad.com\/index.php?rest_route=\/wp\/v2\/users\/2"}],"replies":[{"embeddable":true,"href":"http:\/\/damas.laiglesiadelacomunidad.com\/index.php?rest_route=%2Fwp%2Fv2%2Fcomments&post=10578"}],"version-history":[{"count":4,"href":"http:\/\/damas.laiglesiadelacomunidad.com\/index.php?rest_route=\/wp\/v2\/posts\/10578\/revisions"}],"predecessor-version":[{"id":10590,"href":"http:\/\/damas.laiglesiadelacomunidad.com\/index.php?rest_route=\/wp\/v2\/posts\/10578\/revisions\/10590"}],"wp:attachment":[{"href":"http:\/\/damas.laiglesiadelacomunidad.com\/index.php?rest_route=%2Fwp%2Fv2%2Fmedia&parent=10578"}],"wp:term":[{"taxonomy":"category","embeddable":true,"href":"http:\/\/damas.laiglesiadelacomunidad.com\/index.php?rest_route=%2Fwp%2Fv2%2Fcategories&post=10578"},{"taxonomy":"post_tag","embeddable":true,"href":"http:\/\/damas.laiglesiadelacomunidad.com\/index.php?rest_route=%2Fwp%2Fv2%2Ftags&post=10578"}],"curies":[{"name":"wp","href":"https:\/\/api.w.org\/{rel}","templated":true}]}}