{"id":10506,"date":"2016-02-01T00:13:46","date_gmt":"2016-02-01T06:13:46","guid":{"rendered":"http:\/\/damas.laiglesiadelacomunidad.com\/?p=10506"},"modified":"2016-02-01T00:14:48","modified_gmt":"2016-02-01T06:14:48","slug":"reunion-domingo-31-de-enero-2016","status":"publish","type":"post","link":"http:\/\/damas.laiglesiadelacomunidad.com\/?p=10506","title":{"rendered":"Reuni\u00f3n Domingo 31 de Enero 2016"},"content":{"rendered":"<p>Gracias Padre por tan excelente noche, gracias por cada persona que vino a congregarse hoy, gracias por siempre traer m\u00e1s y m\u00e1s voluntarios a participar en crear el ambiente para poder congregarnos y adorarte y llevarnos como comunidad, gracias por darnos un ambiente amistoso y agradable para todos.<\/p>\n<p>Seguimos estudiando el evangelio seg\u00fan Mateo, el tema de hoy fue: <strong>&#8220;Fe Verdadera&#8221;<\/strong> y la idea grande fue: <strong>&#8220;Fe es confiar en Jes\u00fas, no en las circunstancias&#8221;<\/strong>\u00a0no se si alguna vez te ha pasado que cuando pasamos por malos ratos o una mala circunstancia, ya sea enfermedad, o falta de dinero, o no pasan las cosas como quieres, sentimos que nuestro mundo se viene abajo, que hemos perdido el control de todo y nos ponemos anciosos o tristes o desespertados, pasan tantas cosas por nuestra mente, reaccionamos mal a las malas circunstancias y casi siempre nos preguntamos \u00bfdonde \u00e9sta Dios?<\/p>\n<p>Las circunstancias que pasan a nuestro alrededor, buenas o malas modifican nuestro sentir y nuestra forma de reaccionar, cuando estamos bien nos sentimos muy confiados y no buscamos a Dios, cuando algo va mal buscamos a Dios y si las cosas no salen como queremos dudamos de Dios o pensamos que no nos escucha, la fe en Jes\u00fas no tiene que depender de las circunstancias, como muchos mal predican las circunstancias no deben de dictar la falta de fe o la mucha fe. Tenemos que tener Fe en Jes\u00fas a pesar de la circunstancias.<\/p>\n<p><strong><span class=\"text Matt-8-23\">Y entrando \u00e9l en la barca, sus disc\u00edpulos le siguieron.<\/span><span id=\"es-RVR1960-23371\" class=\"text Matt-8-24\">Y he aqu\u00ed que se levant\u00f3 en el mar una tempestad tan grande que las olas cubr\u00edan la barca; pero \u00e9l dorm\u00eda.<\/span><span id=\"es-RVR1960-23372\" class=\"text Matt-8-25\">Y vinieron sus disc\u00edpulos y le despertaron, diciendo: !!Se\u00f1or, s\u00e1lvanos, que perecemos!<\/span><span id=\"es-RVR1960-23373\" class=\"text Matt-8-26\"><sup class=\"versenum\">\u00a0<\/sup>El les dijo: <span style=\"color: #ff0000;\">\u00bfPor qu\u00e9 tem\u00e9is, hombres de poca fe?<\/span> Entonces, levant\u00e1ndose, reprendi\u00f3 a los vientos y al mar; y se hizo grande bonanza.<\/span><span id=\"es-RVR1960-23374\" class=\"text Matt-8-27\"><sup class=\"versenum\">\u00a0<\/sup>Y los hombres se maravillaron, diciendo: \u00bfQu\u00e9 hombre es \u00e9ste, que aun los vientos y el mar le obedecen?<\/span><\/strong><\/p>\n<p><strong><span id=\"es-RVR1960-30312\" class=\"text Jas-2-17\">As\u00ed tambi\u00e9n la fe, si no tiene obras, es muerta en s\u00ed misma.\u00a0<\/span><\/strong><span id=\"es-RVR1960-30313\" class=\"text Jas-2-18\"><strong>Pero alguno dir\u00e1: T\u00fa tienes fe, y yo tengo obras. Mu\u00e9strame tu fe sin tus obras, y yo te mostrar\u00e9 mi fe por mis obras.<\/strong> Santiago 2:17-18<\/span><\/p>\n<p><strong><span id=\"es-RVR1960-12890\" class=\"text Job-1-20\">Entonces Job se levant\u00f3, y rasg\u00f3 su manto, y rasur\u00f3 su cabeza, y se postr\u00f3 en tierra y ador\u00f3,<\/span><span id=\"es-RVR1960-12891\" class=\"text Job-1-21\"><sup class=\"versenum\">\u00a0<\/sup>y dijo: Desnudo sal\u00ed del vientre de mi madre, y desnudo volver\u00e9 all\u00e1. Jehov\u00e1 dio, y Jehov\u00e1 quit\u00f3; sea el nombre de Jehov\u00e1 bendito.\u00a0<\/span><\/strong><span id=\"es-RVR1960-12892\" class=\"text Job-1-22\"><strong>En todo esto no pec\u00f3 Job, ni atribuy\u00f3 a Dios desprop\u00f3sito alguno.<\/strong> Job 1:20-22<\/span><\/p>\n<p><strong> Es, pues, la fe la certeza de lo que se espera, la convicci\u00f3n de lo que no se ve.<\/strong> Hebreos 11:1<\/p>\n<p><sup class=\"versenum\">\u00a0<\/sup><strong>Dijeron los ap\u00f3stoles al Se\u00f1or: Aum\u00e9ntanos la fe<\/strong>. Lucas 17:5<\/p>\n<p>Gracias Se\u00f1or por abrirnos los ojos a trav\u00e9s de \u00e9ste mensaje, te pedimos Padre que nos aumentes la fe, te lo pedimos en nombre de nuestro Se\u00f1or Jesucristo, am\u00e9n.<\/p>\n<p>Que tengan una excelente semana, Dios las bendiga.<\/p>\n<p>Jackie C.<\/p>\n<p><a href=\"http:\/\/damas.laiglesiadelacomunidad.com\/?attachment_id=10508\" rel=\"attachment wp-att-10508\"><img loading=\"lazy\" decoding=\"async\" class=\"alignnone size-full wp-image-10508\" src=\"http:\/\/damas.laiglesiadelacomunidad.com\/wp-content\/uploads\/2016\/02\/2016-01-31-23.06.39.jpg\" alt=\"2016-01-31 23.06.39\" width=\"1200\" height=\"1600\" srcset=\"http:\/\/damas.laiglesiadelacomunidad.com\/wp-content\/uploads\/2016\/02\/2016-01-31-23.06.39.jpg 1200w, http:\/\/damas.laiglesiadelacomunidad.com\/wp-content\/uploads\/2016\/02\/2016-01-31-23.06.39-225x300.jpg 225w, http:\/\/damas.laiglesiadelacomunidad.com\/wp-content\/uploads\/2016\/02\/2016-01-31-23.06.39-768x1024.jpg 768w\" sizes=\"(max-width: 1200px) 100vw, 1200px\" \/><\/a> <a href=\"http:\/\/damas.laiglesiadelacomunidad.com\/?attachment_id=10509\" rel=\"attachment wp-att-10509\"><img loading=\"lazy\" decoding=\"async\" class=\"alignnone size-full wp-image-10509\" src=\"http:\/\/damas.laiglesiadelacomunidad.com\/wp-content\/uploads\/2016\/02\/2016-01-31-23.05.50.jpg\" alt=\"2016-01-31 23.05.50\" width=\"1600\" height=\"1200\" srcset=\"http:\/\/damas.laiglesiadelacomunidad.com\/wp-content\/uploads\/2016\/02\/2016-01-31-23.05.50.jpg 1600w, http:\/\/damas.laiglesiadelacomunidad.com\/wp-content\/uploads\/2016\/02\/2016-01-31-23.05.50-300x225.jpg 300w, http:\/\/damas.laiglesiadelacomunidad.com\/wp-content\/uploads\/2016\/02\/2016-01-31-23.05.50-768x576.jpg 768w, http:\/\/damas.laiglesiadelacomunidad.com\/wp-content\/uploads\/2016\/02\/2016-01-31-23.05.50-1024x768.jpg 1024w\" sizes=\"(max-width: 1600px) 100vw, 1600px\" \/><\/a> <a href=\"http:\/\/damas.laiglesiadelacomunidad.com\/?attachment_id=10510\" rel=\"attachment wp-att-10510\"><img loading=\"lazy\" decoding=\"async\" class=\"alignnone size-full wp-image-10510\" src=\"http:\/\/damas.laiglesiadelacomunidad.com\/wp-content\/uploads\/2016\/02\/2016-01-31-23.05.53.jpg\" alt=\"2016-01-31 23.05.53\" width=\"1600\" height=\"1200\" srcset=\"http:\/\/damas.laiglesiadelacomunidad.com\/wp-content\/uploads\/2016\/02\/2016-01-31-23.05.53.jpg 1600w, http:\/\/damas.laiglesiadelacomunidad.com\/wp-content\/uploads\/2016\/02\/2016-01-31-23.05.53-300x225.jpg 300w, http:\/\/damas.laiglesiadelacomunidad.com\/wp-content\/uploads\/2016\/02\/2016-01-31-23.05.53-768x576.jpg 768w, http:\/\/damas.laiglesiadelacomunidad.com\/wp-content\/uploads\/2016\/02\/2016-01-31-23.05.53-1024x768.jpg 1024w\" sizes=\"(max-width: 1600px) 100vw, 1600px\" \/><\/a> <a href=\"http:\/\/damas.laiglesiadelacomunidad.com\/?attachment_id=10511\" rel=\"attachment wp-att-10511\"><img loading=\"lazy\" decoding=\"async\" class=\"alignnone size-full wp-image-10511\" src=\"http:\/\/damas.laiglesiadelacomunidad.com\/wp-content\/uploads\/2016\/02\/2016-01-31-23.05.57.jpg\" alt=\"2016-01-31 23.05.57\" width=\"1600\" height=\"1200\" srcset=\"http:\/\/damas.laiglesiadelacomunidad.com\/wp-content\/uploads\/2016\/02\/2016-01-31-23.05.57.jpg 1600w, http:\/\/damas.laiglesiadelacomunidad.com\/wp-content\/uploads\/2016\/02\/2016-01-31-23.05.57-300x225.jpg 300w, http:\/\/damas.laiglesiadelacomunidad.com\/wp-content\/uploads\/2016\/02\/2016-01-31-23.05.57-768x576.jpg 768w, http:\/\/damas.laiglesiadelacomunidad.com\/wp-content\/uploads\/2016\/02\/2016-01-31-23.05.57-1024x768.jpg 1024w\" sizes=\"(max-width: 1600px) 100vw, 1600px\" \/><\/a> <a href=\"http:\/\/damas.laiglesiadelacomunidad.com\/?attachment_id=10512\" rel=\"attachment wp-att-10512\"><img loading=\"lazy\" decoding=\"async\" class=\"alignnone size-full wp-image-10512\" src=\"http:\/\/damas.laiglesiadelacomunidad.com\/wp-content\/uploads\/2016\/02\/2016-01-31-23.06.00.jpg\" alt=\"2016-01-31 23.06.00\" width=\"1600\" height=\"1200\" srcset=\"http:\/\/damas.laiglesiadelacomunidad.com\/wp-content\/uploads\/2016\/02\/2016-01-31-23.06.00.jpg 1600w, http:\/\/damas.laiglesiadelacomunidad.com\/wp-content\/uploads\/2016\/02\/2016-01-31-23.06.00-300x225.jpg 300w, http:\/\/damas.laiglesiadelacomunidad.com\/wp-content\/uploads\/2016\/02\/2016-01-31-23.06.00-768x576.jpg 768w, http:\/\/damas.laiglesiadelacomunidad.com\/wp-content\/uploads\/2016\/02\/2016-01-31-23.06.00-1024x768.jpg 1024w\" sizes=\"(max-width: 1600px) 100vw, 1600px\" \/><\/a> <a href=\"http:\/\/damas.laiglesiadelacomunidad.com\/?attachment_id=10514\" rel=\"attachment wp-att-10514\"><img loading=\"lazy\" decoding=\"async\" class=\"alignnone size-full wp-image-10514\" src=\"http:\/\/damas.laiglesiadelacomunidad.com\/wp-content\/uploads\/2016\/02\/2016-01-31-23.06.08.jpg\" alt=\"2016-01-31 23.06.08\" width=\"1200\" height=\"1600\" srcset=\"http:\/\/damas.laiglesiadelacomunidad.com\/wp-content\/uploads\/2016\/02\/2016-01-31-23.06.08.jpg 1200w, http:\/\/damas.laiglesiadelacomunidad.com\/wp-content\/uploads\/2016\/02\/2016-01-31-23.06.08-225x300.jpg 225w, http:\/\/damas.laiglesiadelacomunidad.com\/wp-content\/uploads\/2016\/02\/2016-01-31-23.06.08-768x1024.jpg 768w\" sizes=\"(max-width: 1200px) 100vw, 1200px\" \/><\/a> <a href=\"http:\/\/damas.laiglesiadelacomunidad.com\/?attachment_id=10515\" rel=\"attachment wp-att-10515\"><img loading=\"lazy\" decoding=\"async\" class=\"alignnone size-full wp-image-10515\" src=\"http:\/\/damas.laiglesiadelacomunidad.com\/wp-content\/uploads\/2016\/02\/2016-01-31-23.06.23.jpg\" alt=\"2016-01-31 23.06.23\" width=\"1200\" height=\"1600\" srcset=\"http:\/\/damas.laiglesiadelacomunidad.com\/wp-content\/uploads\/2016\/02\/2016-01-31-23.06.23.jpg 1200w, http:\/\/damas.laiglesiadelacomunidad.com\/wp-content\/uploads\/2016\/02\/2016-01-31-23.06.23-225x300.jpg 225w, http:\/\/damas.laiglesiadelacomunidad.com\/wp-content\/uploads\/2016\/02\/2016-01-31-23.06.23-768x1024.jpg 768w\" sizes=\"(max-width: 1200px) 100vw, 1200px\" \/><\/a> <a href=\"http:\/\/damas.laiglesiadelacomunidad.com\/?attachment_id=10516\" rel=\"attachment wp-att-10516\"><img loading=\"lazy\" decoding=\"async\" class=\"alignnone size-full wp-image-10516\" src=\"http:\/\/damas.laiglesiadelacomunidad.com\/wp-content\/uploads\/2016\/02\/2016-01-31-23.06.26.jpg\" alt=\"2016-01-31 23.06.26\" width=\"1200\" height=\"1600\" srcset=\"http:\/\/damas.laiglesiadelacomunidad.com\/wp-content\/uploads\/2016\/02\/2016-01-31-23.06.26.jpg 1200w, http:\/\/damas.laiglesiadelacomunidad.com\/wp-content\/uploads\/2016\/02\/2016-01-31-23.06.26-225x300.jpg 225w, http:\/\/damas.laiglesiadelacomunidad.com\/wp-content\/uploads\/2016\/02\/2016-01-31-23.06.26-768x1024.jpg 768w\" sizes=\"(max-width: 1200px) 100vw, 1200px\" \/><\/a><\/p>\n","protected":false},"excerpt":{"rendered":"<p>Gracias Padre por tan excelente noche, gracias por cada persona que vino a congregarse hoy, gracias por siempre traer m\u00e1s y m\u00e1s voluntarios a participar en crear el ambiente para poder congregarnos y adorarte y llevarnos como comunidad, gracias por darnos un ambiente amistoso y agradable para todos. Seguimos estudiando el evangelio seg\u00fan Mateo, el &hellip; <a href=\"http:\/\/damas.laiglesiadelacomunidad.com\/?p=10506\" class=\"more-link\">Continue reading <span class=\"screen-reader-text\">Reuni\u00f3n Domingo 31 de Enero 2016<\/span> <span class=\"meta-nav\">&rarr;<\/span><\/a><\/p>\n","protected":false},"author":2,"featured_media":0,"comment_status":"open","ping_status":"open","sticky":false,"template":"","format":"gallery","meta":{"footnotes":""},"categories":[7],"tags":[],"_links":{"self":[{"href":"http:\/\/damas.laiglesiadelacomunidad.com\/index.php?rest_route=\/wp\/v2\/posts\/10506"}],"collection":[{"href":"http:\/\/damas.laiglesiadelacomunidad.com\/index.php?rest_route=\/wp\/v2\/posts"}],"about":[{"href":"http:\/\/damas.laiglesiadelacomunidad.com\/index.php?rest_route=\/wp\/v2\/types\/post"}],"author":[{"embeddable":true,"href":"http:\/\/damas.laiglesiadelacomunidad.com\/index.php?rest_route=\/wp\/v2\/users\/2"}],"replies":[{"embeddable":true,"href":"http:\/\/damas.laiglesiadelacomunidad.com\/index.php?rest_route=%2Fwp%2Fv2%2Fcomments&post=10506"}],"version-history":[{"count":2,"href":"http:\/\/damas.laiglesiadelacomunidad.com\/index.php?rest_route=\/wp\/v2\/posts\/10506\/revisions"}],"predecessor-version":[{"id":10518,"href":"http:\/\/damas.laiglesiadelacomunidad.com\/index.php?rest_route=\/wp\/v2\/posts\/10506\/revisions\/10518"}],"wp:attachment":[{"href":"http:\/\/damas.laiglesiadelacomunidad.com\/index.php?rest_route=%2Fwp%2Fv2%2Fmedia&parent=10506"}],"wp:term":[{"taxonomy":"category","embeddable":true,"href":"http:\/\/damas.laiglesiadelacomunidad.com\/index.php?rest_route=%2Fwp%2Fv2%2Fcategories&post=10506"},{"taxonomy":"post_tag","embeddable":true,"href":"http:\/\/damas.laiglesiadelacomunidad.com\/index.php?rest_route=%2Fwp%2Fv2%2Ftags&post=10506"}],"curies":[{"name":"wp","href":"https:\/\/api.w.org\/{rel}","templated":true}]}}