{"id":10485,"date":"2016-01-28T01:46:29","date_gmt":"2016-01-28T07:46:29","guid":{"rendered":"http:\/\/damas.laiglesiadelacomunidad.com\/?p=10485"},"modified":"2016-01-28T01:46:29","modified_gmt":"2016-01-28T07:46:29","slug":"estudio-miercoles-27-de-enero-del-2016","status":"publish","type":"post","link":"http:\/\/damas.laiglesiadelacomunidad.com\/?p=10485","title":{"rendered":"Estudio mi\u00e9rcoles 27 de Enero del 2016"},"content":{"rendered":"<p>Gracias Se\u00f1or por otra linda noche donde pudimos compartir tanto, no solo lo bueno pero tambi\u00e9n lo no tan bueno, gracias chicas por sus testimonios y por los \u00e1nimos que nos damos las unas a las otras. Feliz cumplea\u00f1os a nuestro querido Alan que Dios te llene de muchos a\u00f1os de vida y que sigas el ejemplo de seguir a Jes\u00fas como lo hacen tus abuelitos y tus pap\u00e1s.<\/p>\n<p>El estudio de hoy fue referente al mensaje del domingo, el tema de hoy fue:<strong> &#8220;Una Entrega Total&#8221;<\/strong> y la idea grande de hoy fue: <strong>&#8220;Jes\u00fas exige una entrega total de sus seguidores&#8221;<\/strong> como hemos en nuestras vidas como seguidoras de Jes\u00fas es que nos cuesta entregarnos al 100%, algunas posibilidades por las cuales nos cuesta seguir a Jes\u00fas con todo es por que puede afectar nuestros planes, tengo que considerar que mis posesiones ya no me pertenecen a mi sino que a \u00c9l, o simplemente seguir a Jes\u00fas no es mi prioridad o no quiero seguirlo.<\/p>\n<p>Algo que Jes\u00fas pide de sus seguidores, es que simplemente lo sigan sin pensar mucho en lo que dira la gente, sin pensar mucho en lo que puedo perder, sin pensar en nuestra familia, etc. En otras palabras sin poner excusas. Tambi\u00e9n vimos que podemos seguir mejor a Jes\u00fas si lo conocemos m\u00e1s, podemos saber exactamente lo que quiere de nosotros por leer la Biblia y dejarnos guiar por el Esp\u00edritu Santo. Tambi\u00e9n vimos que si no hacemos las cosas bien el tiene suficiente gracia con nosotros para perdonarnos y que por sus promesas no tenemos que sentir condenaci\u00f3n cuando no cumplimos con todo.<\/p>\n<p><strong><span class=\"text Luke-9-57\">Yendo ellos, uno le dijo en el camino: Se\u00f1or, te seguir\u00e9 adondequiera que vayas.\u00a0<\/span><span id=\"es-RVR1960-25361\" class=\"text Luke-9-58\">Y le dijo Jes\u00fas: <span style=\"color: #ff0000;\">Las zorras tienen guaridas, y las aves de los cielos nidos; mas el Hijo del Hombre no tiene d\u00f3nde recostar la cabeza.<\/span>\u00a0<\/span><span id=\"es-RVR1960-25362\" class=\"text Luke-9-59\"><sup class=\"versenum\">\u00a0<\/sup>Y dijo a otro: <span style=\"color: #ff0000;\">S\u00edgueme.<\/span> \u00c9l le dijo: Se\u00f1or, d\u00e9jame que primero vaya y entierre a mi padre.<\/span><span id=\"es-RVR1960-25363\" class=\"text Luke-9-60\"><sup class=\"versenum\">\u00a0<\/sup>Jes\u00fas le dijo:<span style=\"color: #ff0000;\"> Deja que los muertos entierren a sus muertos; y t\u00fa ve, y anuncia el reino de Dios.<\/span><\/span><span id=\"es-RVR1960-25364\" class=\"text Luke-9-61\"><sup class=\"versenum\">\u00a0<\/sup>Entonces tambi\u00e9n dijo otro: Te seguir\u00e9, Se\u00f1or; pero d\u00e9jame que me despida primero de los que est\u00e1n en mi casa.<\/span><\/strong><span id=\"es-RVR1960-25365\" class=\"text Luke-9-62\"><strong><sup class=\"versenum\">\u00a0<\/sup>Y Jes\u00fas le dijo:<span style=\"color: #ff0000;\"> Ninguno que poniendo su mano en el arado mira hacia atr\u00e1s, es apto para el reino de Dios.<\/span><\/strong> Lucas 9:57-62<\/span><\/p>\n<div class=\"poetry\">\n<p class=\"line\"><strong><span class=\"text Ps-119-9\">\u00bfCon qu\u00e9 limpiar\u00e1 el joven su camino?\u00a0<\/span><span class=\"indent-1\"><span class=\"text Ps-119-9\">Con guardar tu palabra.<\/span><\/span>Con todo mi coraz\u00f3n te he buscado;No me dejes desviarme de tus mandamientos.<sup class=\"versenum\">\u00a0<\/sup>En mi coraz\u00f3n he guardado tus dichos,Para no pecar contra ti.<sup class=\"versenum\">\u00a0<\/sup>Bendito t\u00fa, oh Jehov\u00e1;\u00a0Ens\u00e9\u00f1ame tus estatutos.<\/strong><\/p>\n<\/div>\n<div class=\"poetry\">\n<p class=\"line\"><strong><span id=\"es-RVR1960-15913\" class=\"text Ps-119-13\"><sup class=\"versenum\">\u00a0<\/sup>Con mis labios he contado\u00a0<\/span><span class=\"text Ps-119-13\">Todos los juicios de tu boca.\u00a0<\/span>Me he gozado en el camino de tus testimonios\u00a0M\u00e1s que de toda riqueza.<sup class=\"versenum\">\u00a0<\/sup>En tus mandamientos meditar\u00e9;\u00a0Considerar\u00e9 tus caminos.<sup class=\"versenum\">\u00a0<\/sup>Me regocijar\u00e9 en tus estatutos;\u00a0No me olvidar\u00e9 de tus palabras.<\/strong> Salmos 119:9-16<\/p>\n<p><strong><span id=\"es-RVR1960-29239\" class=\"text Eph-2-8\">Porque por gracia sois salvos por medio de la fe; y esto no de vosotros, pues es don de Dios;\u00a0<\/span><span id=\"es-RVR1960-29240\" class=\"text Eph-2-9\">no por obras, para que nadie se glor\u00ede.<\/span><\/strong><span id=\"es-RVR1960-29241\" class=\"text Eph-2-10\"><strong><sup class=\"versenum\">\u00a0<\/sup>Porque somos hechura suya, creados en Cristo Jes\u00fas para buenas obras, las cuales Dios prepar\u00f3 de antemano para que anduvi\u00e9semos en ellas<\/strong>. Efesios 2:8-10<\/span><\/p>\n<p>Gracias Se\u00f1or por todo lo que recibimos de Tu mano, te pedimos Padre que nos sigas dando ese deseo de seguirte con todo nuestro coraz\u00f3n y que cuando fallemos Tu nos levantes, ayudanos a amar tu Palabra y manetenernos en ella, te lo pedimos en nombre de Jesucristo nuestro Se\u00f1or, Am\u00e9n.<\/p>\n<p>Dios las continue bendiciendo \ud83d\ude42<\/p>\n<p>Jackie C.<\/p>\n<p><a href=\"http:\/\/damas.laiglesiadelacomunidad.com\/?attachment_id=10487\" rel=\"attachment wp-att-10487\"><img loading=\"lazy\" decoding=\"async\" class=\"alignnone size-full wp-image-10487\" src=\"http:\/\/damas.laiglesiadelacomunidad.com\/wp-content\/uploads\/2016\/01\/2016-01-28-01.18.05.jpg\" alt=\"2016-01-28 01.18.05\" width=\"1600\" height=\"1200\" srcset=\"http:\/\/damas.laiglesiadelacomunidad.com\/wp-content\/uploads\/2016\/01\/2016-01-28-01.18.05.jpg 1600w, http:\/\/damas.laiglesiadelacomunidad.com\/wp-content\/uploads\/2016\/01\/2016-01-28-01.18.05-300x225.jpg 300w, http:\/\/damas.laiglesiadelacomunidad.com\/wp-content\/uploads\/2016\/01\/2016-01-28-01.18.05-768x576.jpg 768w, http:\/\/damas.laiglesiadelacomunidad.com\/wp-content\/uploads\/2016\/01\/2016-01-28-01.18.05-1024x768.jpg 1024w\" sizes=\"(max-width: 1600px) 100vw, 1600px\" \/><\/a> <a href=\"http:\/\/damas.laiglesiadelacomunidad.com\/?attachment_id=10488\" rel=\"attachment wp-att-10488\"><img loading=\"lazy\" decoding=\"async\" class=\"alignnone size-full wp-image-10488\" src=\"http:\/\/damas.laiglesiadelacomunidad.com\/wp-content\/uploads\/2016\/01\/2016-01-28-01.18.07.jpg\" alt=\"2016-01-28 01.18.07\" width=\"1600\" height=\"1200\" srcset=\"http:\/\/damas.laiglesiadelacomunidad.com\/wp-content\/uploads\/2016\/01\/2016-01-28-01.18.07.jpg 1600w, http:\/\/damas.laiglesiadelacomunidad.com\/wp-content\/uploads\/2016\/01\/2016-01-28-01.18.07-300x225.jpg 300w, http:\/\/damas.laiglesiadelacomunidad.com\/wp-content\/uploads\/2016\/01\/2016-01-28-01.18.07-768x576.jpg 768w, http:\/\/damas.laiglesiadelacomunidad.com\/wp-content\/uploads\/2016\/01\/2016-01-28-01.18.07-1024x768.jpg 1024w\" sizes=\"(max-width: 1600px) 100vw, 1600px\" \/><\/a> <a href=\"http:\/\/damas.laiglesiadelacomunidad.com\/?attachment_id=10489\" rel=\"attachment wp-att-10489\"><img loading=\"lazy\" decoding=\"async\" class=\"alignnone size-full wp-image-10489\" src=\"http:\/\/damas.laiglesiadelacomunidad.com\/wp-content\/uploads\/2016\/01\/2016-01-28-01.18.09.jpg\" alt=\"2016-01-28 01.18.09\" width=\"1600\" height=\"1200\" srcset=\"http:\/\/damas.laiglesiadelacomunidad.com\/wp-content\/uploads\/2016\/01\/2016-01-28-01.18.09.jpg 1600w, http:\/\/damas.laiglesiadelacomunidad.com\/wp-content\/uploads\/2016\/01\/2016-01-28-01.18.09-300x225.jpg 300w, http:\/\/damas.laiglesiadelacomunidad.com\/wp-content\/uploads\/2016\/01\/2016-01-28-01.18.09-768x576.jpg 768w, http:\/\/damas.laiglesiadelacomunidad.com\/wp-content\/uploads\/2016\/01\/2016-01-28-01.18.09-1024x768.jpg 1024w\" sizes=\"(max-width: 1600px) 100vw, 1600px\" \/><\/a> <a href=\"http:\/\/damas.laiglesiadelacomunidad.com\/?attachment_id=10490\" rel=\"attachment wp-att-10490\"><img loading=\"lazy\" decoding=\"async\" class=\"alignnone size-full wp-image-10490\" src=\"http:\/\/damas.laiglesiadelacomunidad.com\/wp-content\/uploads\/2016\/01\/2016-01-28-01.18.14.jpg\" alt=\"2016-01-28 01.18.14\" width=\"1600\" height=\"1200\" srcset=\"http:\/\/damas.laiglesiadelacomunidad.com\/wp-content\/uploads\/2016\/01\/2016-01-28-01.18.14.jpg 1600w, http:\/\/damas.laiglesiadelacomunidad.com\/wp-content\/uploads\/2016\/01\/2016-01-28-01.18.14-300x225.jpg 300w, http:\/\/damas.laiglesiadelacomunidad.com\/wp-content\/uploads\/2016\/01\/2016-01-28-01.18.14-768x576.jpg 768w, http:\/\/damas.laiglesiadelacomunidad.com\/wp-content\/uploads\/2016\/01\/2016-01-28-01.18.14-1024x768.jpg 1024w\" sizes=\"(max-width: 1600px) 100vw, 1600px\" \/><\/a> <a href=\"http:\/\/damas.laiglesiadelacomunidad.com\/?attachment_id=10491\" rel=\"attachment wp-att-10491\"><img loading=\"lazy\" decoding=\"async\" class=\"alignnone size-full wp-image-10491\" src=\"http:\/\/damas.laiglesiadelacomunidad.com\/wp-content\/uploads\/2016\/01\/2016-01-28-01.18.18.jpg\" alt=\"2016-01-28 01.18.18\" width=\"1600\" height=\"1200\" srcset=\"http:\/\/damas.laiglesiadelacomunidad.com\/wp-content\/uploads\/2016\/01\/2016-01-28-01.18.18.jpg 1600w, http:\/\/damas.laiglesiadelacomunidad.com\/wp-content\/uploads\/2016\/01\/2016-01-28-01.18.18-300x225.jpg 300w, http:\/\/damas.laiglesiadelacomunidad.com\/wp-content\/uploads\/2016\/01\/2016-01-28-01.18.18-768x576.jpg 768w, http:\/\/damas.laiglesiadelacomunidad.com\/wp-content\/uploads\/2016\/01\/2016-01-28-01.18.18-1024x768.jpg 1024w\" sizes=\"(max-width: 1600px) 100vw, 1600px\" \/><\/a> <a href=\"http:\/\/damas.laiglesiadelacomunidad.com\/?attachment_id=10492\" rel=\"attachment wp-att-10492\"><img loading=\"lazy\" decoding=\"async\" class=\"alignnone size-full wp-image-10492\" src=\"http:\/\/damas.laiglesiadelacomunidad.com\/wp-content\/uploads\/2016\/01\/2016-01-28-01.18.21.jpg\" alt=\"2016-01-28 01.18.21\" width=\"1600\" height=\"1200\" srcset=\"http:\/\/damas.laiglesiadelacomunidad.com\/wp-content\/uploads\/2016\/01\/2016-01-28-01.18.21.jpg 1600w, http:\/\/damas.laiglesiadelacomunidad.com\/wp-content\/uploads\/2016\/01\/2016-01-28-01.18.21-300x225.jpg 300w, http:\/\/damas.laiglesiadelacomunidad.com\/wp-content\/uploads\/2016\/01\/2016-01-28-01.18.21-768x576.jpg 768w, http:\/\/damas.laiglesiadelacomunidad.com\/wp-content\/uploads\/2016\/01\/2016-01-28-01.18.21-1024x768.jpg 1024w\" sizes=\"(max-width: 1600px) 100vw, 1600px\" \/><\/a> <a href=\"http:\/\/damas.laiglesiadelacomunidad.com\/?attachment_id=10493\" rel=\"attachment wp-att-10493\"><img loading=\"lazy\" decoding=\"async\" class=\"alignnone size-full wp-image-10493\" src=\"http:\/\/damas.laiglesiadelacomunidad.com\/wp-content\/uploads\/2016\/01\/2016-01-28-01.18.27.jpg\" alt=\"2016-01-28 01.18.27\" width=\"1600\" height=\"1200\" srcset=\"http:\/\/damas.laiglesiadelacomunidad.com\/wp-content\/uploads\/2016\/01\/2016-01-28-01.18.27.jpg 1600w, http:\/\/damas.laiglesiadelacomunidad.com\/wp-content\/uploads\/2016\/01\/2016-01-28-01.18.27-300x225.jpg 300w, http:\/\/damas.laiglesiadelacomunidad.com\/wp-content\/uploads\/2016\/01\/2016-01-28-01.18.27-768x576.jpg 768w, http:\/\/damas.laiglesiadelacomunidad.com\/wp-content\/uploads\/2016\/01\/2016-01-28-01.18.27-1024x768.jpg 1024w\" sizes=\"(max-width: 1600px) 100vw, 1600px\" \/><\/a> <a href=\"http:\/\/damas.laiglesiadelacomunidad.com\/?attachment_id=10494\" rel=\"attachment wp-att-10494\"><img loading=\"lazy\" decoding=\"async\" class=\"alignnone size-full wp-image-10494\" src=\"http:\/\/damas.laiglesiadelacomunidad.com\/wp-content\/uploads\/2016\/01\/2016-01-28-01.18.31.jpg\" alt=\"2016-01-28 01.18.31\" width=\"1600\" height=\"1200\" srcset=\"http:\/\/damas.laiglesiadelacomunidad.com\/wp-content\/uploads\/2016\/01\/2016-01-28-01.18.31.jpg 1600w, http:\/\/damas.laiglesiadelacomunidad.com\/wp-content\/uploads\/2016\/01\/2016-01-28-01.18.31-300x225.jpg 300w, http:\/\/damas.laiglesiadelacomunidad.com\/wp-content\/uploads\/2016\/01\/2016-01-28-01.18.31-768x576.jpg 768w, http:\/\/damas.laiglesiadelacomunidad.com\/wp-content\/uploads\/2016\/01\/2016-01-28-01.18.31-1024x768.jpg 1024w\" sizes=\"(max-width: 1600px) 100vw, 1600px\" \/><\/a><\/p>\n<\/div>\n","protected":false},"excerpt":{"rendered":"<p>Gracias Se\u00f1or por otra linda noche donde pudimos compartir tanto, no solo lo bueno pero tambi\u00e9n lo no tan bueno, gracias chicas por sus testimonios y por los \u00e1nimos que nos damos las unas a las otras. Feliz cumplea\u00f1os a nuestro querido Alan que Dios te llene de muchos a\u00f1os de vida y que sigas &hellip; <a href=\"http:\/\/damas.laiglesiadelacomunidad.com\/?p=10485\" class=\"more-link\">Continue reading <span class=\"screen-reader-text\">Estudio mi\u00e9rcoles 27 de Enero del 2016<\/span> <span class=\"meta-nav\">&rarr;<\/span><\/a><\/p>\n","protected":false},"author":2,"featured_media":0,"comment_status":"open","ping_status":"open","sticky":false,"template":"","format":"gallery","meta":{"footnotes":""},"categories":[6],"tags":[],"_links":{"self":[{"href":"http:\/\/damas.laiglesiadelacomunidad.com\/index.php?rest_route=\/wp\/v2\/posts\/10485"}],"collection":[{"href":"http:\/\/damas.laiglesiadelacomunidad.com\/index.php?rest_route=\/wp\/v2\/posts"}],"about":[{"href":"http:\/\/damas.laiglesiadelacomunidad.com\/index.php?rest_route=\/wp\/v2\/types\/post"}],"author":[{"embeddable":true,"href":"http:\/\/damas.laiglesiadelacomunidad.com\/index.php?rest_route=\/wp\/v2\/users\/2"}],"replies":[{"embeddable":true,"href":"http:\/\/damas.laiglesiadelacomunidad.com\/index.php?rest_route=%2Fwp%2Fv2%2Fcomments&post=10485"}],"version-history":[{"count":1,"href":"http:\/\/damas.laiglesiadelacomunidad.com\/index.php?rest_route=\/wp\/v2\/posts\/10485\/revisions"}],"predecessor-version":[{"id":10495,"href":"http:\/\/damas.laiglesiadelacomunidad.com\/index.php?rest_route=\/wp\/v2\/posts\/10485\/revisions\/10495"}],"wp:attachment":[{"href":"http:\/\/damas.laiglesiadelacomunidad.com\/index.php?rest_route=%2Fwp%2Fv2%2Fmedia&parent=10485"}],"wp:term":[{"taxonomy":"category","embeddable":true,"href":"http:\/\/damas.laiglesiadelacomunidad.com\/index.php?rest_route=%2Fwp%2Fv2%2Fcategories&post=10485"},{"taxonomy":"post_tag","embeddable":true,"href":"http:\/\/damas.laiglesiadelacomunidad.com\/index.php?rest_route=%2Fwp%2Fv2%2Ftags&post=10485"}],"curies":[{"name":"wp","href":"https:\/\/api.w.org\/{rel}","templated":true}]}}