{"id":10403,"date":"2016-01-13T23:34:41","date_gmt":"2016-01-14T05:34:41","guid":{"rendered":"http:\/\/damas.laiglesiadelacomunidad.com\/?p=10403"},"modified":"2016-01-13T23:38:45","modified_gmt":"2016-01-14T05:38:45","slug":"estudio-miercoles-13-de-enero-2016","status":"publish","type":"post","link":"http:\/\/damas.laiglesiadelacomunidad.com\/?p=10403","title":{"rendered":"Estudio mi\u00e9rcoles 13 de Enero 2016"},"content":{"rendered":"<p>Gracias Dios por otro excelente estudio, gracias por cada una de las que nos reunimos hoy aqu\u00ed, te pedimos que tu mano est\u00e9 sobre cada una de nosotras y especialmente te pedimos por nuestra querida Kari, que Tu sigas cuidando tanto a ella como a Thiago. Tambi\u00e9n te damos gracias por la vida de Rocio y Lupida por darles un a\u00f1o m\u00e1s de vida.<\/p>\n<p>Hoy hablamos del tema del domingo, el cual fue:\u00a0<strong>&#8220;Fe que impresiona a Jes\u00fas&#8221;\u00a0<\/strong>la idea grande de hoy fue: <strong>&#8220;La \u00fanica forma de acercarnos a Dios es con sumisi\u00f3n y entrega&#8221;\u00a0<\/strong>Nuestro gran problema que es evidente en nosotros como seres humanos es que queremos ser los que dirigimos nuestra vida, somos los soberanos de nuestro mundo. queremos ser soberanos donde tenemos autoridad y eso lo vemos en nuestros hogares, a veces como mujeres queremos hasta tener autoridad hasta sobre nuestros esposos y por ende hasta queremos tener autoridad sobre Dios. En parte queremos ser soberanos porque somos hechos en la imagen de Dios pero la raz\u00f3n principal es por el pecado, esto le paso a Eva cuando comi\u00f3 la fruta del \u00e1rbol prohibido, Satan\u00e1s le dijo que iba a ser como Dios y eso le pareci\u00f3 tan bien que mordi\u00f3 la fruta de arbol prohibido.<\/p>\n<p>Sabemos que como hijos de Dios tenemos que dejar a un lado la soberbia y debemos de doblar rodilla de manera sumisa a nuestro Se\u00f1or, a veces parece imposible, pero vemos en la Biblia muchos ejemplos de hombre y mujeres que fueron sumisos y sumisas y que tubieron muchas Fe, por ejemplo Noe, Abraham conocido como el padre de la fe, Job, Ana, Debora, Samuel, David, , Elias, Eliseo,Ester, Mar\u00eda y Jos\u00e9, Lidia, Febe, solo para mencionar algunos, \u00a0estos ejemplos son dignos de imitar en nuestra vida.<\/p>\n<p><strong><span class=\"chapternum\">\u00a0<\/span>En el pa\u00eds de Uz viv\u00eda un hombre llamado Job. Era un hombre recto, que amaba y honraba a Dios y no hac\u00eda ning\u00fan mal a nadie.<\/strong> Job 1:1<\/p>\n<p><strong><span id=\"es-RVC-12878\" class=\"text Job-1-8\"><sup class=\"versenum\">\u00a0<\/sup>Entonces el Se\u00f1or le pregunt\u00f3:\u00a0<\/span><span class=\"text Job-1-8\">\u00ab\u00bfY no has pensado en mi siervo Job? \u00bfAcaso has visto alguien con una conducta tan intachable como \u00e9l? \u00a1No le hace ning\u00fan mal a nadie, y es temeroso de Dios!\u00bb<\/span><span id=\"es-RVC-12879\" class=\"text Job-1-9\"><sup class=\"versenum\">\u00a0<\/sup>Pero Satan\u00e1s le respondi\u00f3 al Se\u00f1or:\u00a0<\/span><span class=\"text Job-1-9\">\u00ab\u00bfY acaso Job teme a Dios sin recibir nada a cambio?<\/span> <span id=\"es-RVC-12880\" class=\"text Job-1-10\"><sup class=\"versenum\">\u00a0<\/sup>\u00bfAcaso no lo proteges, a \u00e9l y a su familia, y a todo lo que tiene? T\u00fa bendices todo lo que hace, y aumentas sus riquezas en esta tierra.<\/span> <\/strong><span id=\"es-RVC-12881\" class=\"text Job-1-11\"><strong>Pero pon tu mano sobre todo lo que tiene, y ver\u00e1s c\u00f3mo blasfema contra ti, y en tu propia cara.\u00bb<\/strong> Job1:8-11<\/span><\/p>\n<p><strong><span id=\"es-RVC-12888\" class=\"text Job-1-18\">A\u00fan no terminaba de hablar este hombre, cuando lleg\u00f3 otro con esta noticia:\u00a0<\/span><span class=\"text Job-1-18\">\u00abTus hijos y tus hijas estaban comiendo y bebiendo en casa de su hermano mayor,<\/span> <span id=\"es-RVC-12889\" class=\"text Job-1-19\"><sup class=\"versenum\">\u00a0<\/sup>cuando del desierto lleg\u00f3 un fuerte tornado, y azot\u00f3 la casa, y \u00e9sta se derrumb\u00f3 sobre tus hijos y los mat\u00f3. S\u00f3lo yo pude escapar para darte la noticia.\u00bb<\/span><span id=\"es-RVC-12890\" class=\"text Job-1-20\"><sup class=\"versenum\">\u00a0<\/sup>Entonces Job se levant\u00f3 y se rasg\u00f3 las vestiduras, se rap\u00f3 la cabeza en se\u00f1al de luto, y con el rostro en tierra ador\u00f3 al Se\u00f1or,<\/span> <span id=\"es-RVC-12891\" class=\"text Job-1-21\">mientras dec\u00eda:\u00a0<\/span><span class=\"text Job-1-21\">\u00abDesnudo sal\u00ed del vientre de mi madre, y desnudo volver\u00e9 al sepulcro. El Se\u00f1or me dio, y el Se\u00f1or me quit\u00f3. \u00a1Bendito sea el nombre del Se\u00f1or!\u00bb\u00a0<\/span><\/strong><span id=\"es-RVC-12892\" class=\"text Job-1-22\"><strong><sup class=\"versenum\">\u00a0<\/sup>Y en todo esto Job no pec\u00f3 ni le atribuy\u00f3 al Se\u00f1or ninguna mala intenci\u00f3n<\/strong>. Job 1:18-22<\/span><\/p>\n<p>Se\u00f1or te pedimos que Tu nos ayudes a servirte con amor y humildad que nos de Fe para mantenernos firmes, que seamos mujeres que les ense\u00f1en a otros a tener fe en Ti, te pedimos \u00e9sto en nombre de Jesucristo nuestro Se\u00f1or, am\u00e9n.<\/p>\n<p><a href=\"http:\/\/damas.laiglesiadelacomunidad.com\/?attachment_id=10404\" rel=\"attachment wp-att-10404\"><img loading=\"lazy\" decoding=\"async\" class=\"alignnone size-full wp-image-10404\" src=\"http:\/\/damas.laiglesiadelacomunidad.com\/wp-content\/uploads\/2016\/01\/2016-01-13-22.50.41.jpg\" alt=\"2016-01-13 22.50.41\" width=\"1600\" height=\"1200\" srcset=\"http:\/\/damas.laiglesiadelacomunidad.com\/wp-content\/uploads\/2016\/01\/2016-01-13-22.50.41.jpg 1600w, http:\/\/damas.laiglesiadelacomunidad.com\/wp-content\/uploads\/2016\/01\/2016-01-13-22.50.41-300x225.jpg 300w, http:\/\/damas.laiglesiadelacomunidad.com\/wp-content\/uploads\/2016\/01\/2016-01-13-22.50.41-768x576.jpg 768w, http:\/\/damas.laiglesiadelacomunidad.com\/wp-content\/uploads\/2016\/01\/2016-01-13-22.50.41-1024x768.jpg 1024w\" sizes=\"(max-width: 1600px) 100vw, 1600px\" \/><\/a> <a href=\"http:\/\/damas.laiglesiadelacomunidad.com\/?attachment_id=10405\" rel=\"attachment wp-att-10405\"><img loading=\"lazy\" decoding=\"async\" class=\"alignnone size-full wp-image-10405\" src=\"http:\/\/damas.laiglesiadelacomunidad.com\/wp-content\/uploads\/2016\/01\/2016-01-13-22.50.57.jpg\" alt=\"2016-01-13 22.50.57\" width=\"1200\" height=\"1600\" srcset=\"http:\/\/damas.laiglesiadelacomunidad.com\/wp-content\/uploads\/2016\/01\/2016-01-13-22.50.57.jpg 1200w, http:\/\/damas.laiglesiadelacomunidad.com\/wp-content\/uploads\/2016\/01\/2016-01-13-22.50.57-225x300.jpg 225w, http:\/\/damas.laiglesiadelacomunidad.com\/wp-content\/uploads\/2016\/01\/2016-01-13-22.50.57-768x1024.jpg 768w\" sizes=\"(max-width: 1200px) 100vw, 1200px\" \/><\/a> <a href=\"http:\/\/damas.laiglesiadelacomunidad.com\/?attachment_id=10406\" rel=\"attachment wp-att-10406\"><img loading=\"lazy\" decoding=\"async\" class=\"alignnone size-full wp-image-10406\" src=\"http:\/\/damas.laiglesiadelacomunidad.com\/wp-content\/uploads\/2016\/01\/2016-01-13-22.51.03.jpg\" alt=\"2016-01-13 22.51.03\" width=\"1600\" height=\"1200\" srcset=\"http:\/\/damas.laiglesiadelacomunidad.com\/wp-content\/uploads\/2016\/01\/2016-01-13-22.51.03.jpg 1600w, http:\/\/damas.laiglesiadelacomunidad.com\/wp-content\/uploads\/2016\/01\/2016-01-13-22.51.03-300x225.jpg 300w, http:\/\/damas.laiglesiadelacomunidad.com\/wp-content\/uploads\/2016\/01\/2016-01-13-22.51.03-768x576.jpg 768w, http:\/\/damas.laiglesiadelacomunidad.com\/wp-content\/uploads\/2016\/01\/2016-01-13-22.51.03-1024x768.jpg 1024w\" sizes=\"(max-width: 1600px) 100vw, 1600px\" \/><\/a> <a href=\"http:\/\/damas.laiglesiadelacomunidad.com\/?attachment_id=10407\" rel=\"attachment wp-att-10407\"><img loading=\"lazy\" decoding=\"async\" class=\"alignnone size-full wp-image-10407\" src=\"http:\/\/damas.laiglesiadelacomunidad.com\/wp-content\/uploads\/2016\/01\/2016-01-13-22.51.12.jpg\" alt=\"2016-01-13 22.51.12\" width=\"1600\" height=\"1200\" srcset=\"http:\/\/damas.laiglesiadelacomunidad.com\/wp-content\/uploads\/2016\/01\/2016-01-13-22.51.12.jpg 1600w, http:\/\/damas.laiglesiadelacomunidad.com\/wp-content\/uploads\/2016\/01\/2016-01-13-22.51.12-300x225.jpg 300w, http:\/\/damas.laiglesiadelacomunidad.com\/wp-content\/uploads\/2016\/01\/2016-01-13-22.51.12-768x576.jpg 768w, http:\/\/damas.laiglesiadelacomunidad.com\/wp-content\/uploads\/2016\/01\/2016-01-13-22.51.12-1024x768.jpg 1024w\" sizes=\"(max-width: 1600px) 100vw, 1600px\" \/><\/a> <a href=\"http:\/\/damas.laiglesiadelacomunidad.com\/?attachment_id=10408\" rel=\"attachment wp-att-10408\"><img loading=\"lazy\" decoding=\"async\" class=\"alignnone size-full wp-image-10408\" src=\"http:\/\/damas.laiglesiadelacomunidad.com\/wp-content\/uploads\/2016\/01\/2016-01-13-22.51.16.jpg\" alt=\"2016-01-13 22.51.16\" width=\"1600\" height=\"1200\" srcset=\"http:\/\/damas.laiglesiadelacomunidad.com\/wp-content\/uploads\/2016\/01\/2016-01-13-22.51.16.jpg 1600w, http:\/\/damas.laiglesiadelacomunidad.com\/wp-content\/uploads\/2016\/01\/2016-01-13-22.51.16-300x225.jpg 300w, http:\/\/damas.laiglesiadelacomunidad.com\/wp-content\/uploads\/2016\/01\/2016-01-13-22.51.16-768x576.jpg 768w, http:\/\/damas.laiglesiadelacomunidad.com\/wp-content\/uploads\/2016\/01\/2016-01-13-22.51.16-1024x768.jpg 1024w\" sizes=\"(max-width: 1600px) 100vw, 1600px\" \/><\/a> <a href=\"http:\/\/damas.laiglesiadelacomunidad.com\/?attachment_id=10409\" rel=\"attachment wp-att-10409\"><img loading=\"lazy\" decoding=\"async\" class=\"alignnone size-full wp-image-10409\" src=\"http:\/\/damas.laiglesiadelacomunidad.com\/wp-content\/uploads\/2016\/01\/2016-01-13-22.51.23.jpg\" alt=\"2016-01-13 22.51.23\" width=\"1600\" height=\"1200\" srcset=\"http:\/\/damas.laiglesiadelacomunidad.com\/wp-content\/uploads\/2016\/01\/2016-01-13-22.51.23.jpg 1600w, http:\/\/damas.laiglesiadelacomunidad.com\/wp-content\/uploads\/2016\/01\/2016-01-13-22.51.23-300x225.jpg 300w, http:\/\/damas.laiglesiadelacomunidad.com\/wp-content\/uploads\/2016\/01\/2016-01-13-22.51.23-768x576.jpg 768w, http:\/\/damas.laiglesiadelacomunidad.com\/wp-content\/uploads\/2016\/01\/2016-01-13-22.51.23-1024x768.jpg 1024w\" sizes=\"(max-width: 1600px) 100vw, 1600px\" \/><\/a> <a href=\"http:\/\/damas.laiglesiadelacomunidad.com\/?attachment_id=10410\" rel=\"attachment wp-att-10410\"><img loading=\"lazy\" decoding=\"async\" class=\"alignnone size-full wp-image-10410\" src=\"http:\/\/damas.laiglesiadelacomunidad.com\/wp-content\/uploads\/2016\/01\/2016-01-13-22.51.31.jpg\" alt=\"2016-01-13 22.51.31\" width=\"1200\" height=\"1600\" srcset=\"http:\/\/damas.laiglesiadelacomunidad.com\/wp-content\/uploads\/2016\/01\/2016-01-13-22.51.31.jpg 1200w, http:\/\/damas.laiglesiadelacomunidad.com\/wp-content\/uploads\/2016\/01\/2016-01-13-22.51.31-225x300.jpg 225w, http:\/\/damas.laiglesiadelacomunidad.com\/wp-content\/uploads\/2016\/01\/2016-01-13-22.51.31-768x1024.jpg 768w\" sizes=\"(max-width: 1200px) 100vw, 1200px\" \/><\/a> <a href=\"http:\/\/damas.laiglesiadelacomunidad.com\/?attachment_id=10411\" rel=\"attachment wp-att-10411\"><img loading=\"lazy\" decoding=\"async\" class=\"alignnone size-full wp-image-10411\" src=\"http:\/\/damas.laiglesiadelacomunidad.com\/wp-content\/uploads\/2016\/01\/2016-01-13-22.51.36.jpg\" alt=\"2016-01-13 22.51.36\" width=\"1200\" height=\"1600\" srcset=\"http:\/\/damas.laiglesiadelacomunidad.com\/wp-content\/uploads\/2016\/01\/2016-01-13-22.51.36.jpg 1200w, http:\/\/damas.laiglesiadelacomunidad.com\/wp-content\/uploads\/2016\/01\/2016-01-13-22.51.36-225x300.jpg 225w, http:\/\/damas.laiglesiadelacomunidad.com\/wp-content\/uploads\/2016\/01\/2016-01-13-22.51.36-768x1024.jpg 768w\" sizes=\"(max-width: 1200px) 100vw, 1200px\" \/><\/a> <a href=\"http:\/\/damas.laiglesiadelacomunidad.com\/?attachment_id=10412\" rel=\"attachment wp-att-10412\"><img loading=\"lazy\" decoding=\"async\" class=\"alignnone size-full wp-image-10412\" src=\"http:\/\/damas.laiglesiadelacomunidad.com\/wp-content\/uploads\/2016\/01\/2016-01-13-22.51.43.jpg\" alt=\"2016-01-13 22.51.43\" width=\"1200\" height=\"1600\" srcset=\"http:\/\/damas.laiglesiadelacomunidad.com\/wp-content\/uploads\/2016\/01\/2016-01-13-22.51.43.jpg 1200w, http:\/\/damas.laiglesiadelacomunidad.com\/wp-content\/uploads\/2016\/01\/2016-01-13-22.51.43-225x300.jpg 225w, http:\/\/damas.laiglesiadelacomunidad.com\/wp-content\/uploads\/2016\/01\/2016-01-13-22.51.43-768x1024.jpg 768w\" sizes=\"(max-width: 1200px) 100vw, 1200px\" \/><\/a> <a href=\"http:\/\/damas.laiglesiadelacomunidad.com\/?attachment_id=10413\" rel=\"attachment wp-att-10413\"><img loading=\"lazy\" decoding=\"async\" class=\"alignnone size-full wp-image-10413\" src=\"http:\/\/damas.laiglesiadelacomunidad.com\/wp-content\/uploads\/2016\/01\/2016-01-13-22.51.48.jpg\" alt=\"2016-01-13 22.51.48\" width=\"1200\" height=\"1600\" srcset=\"http:\/\/damas.laiglesiadelacomunidad.com\/wp-content\/uploads\/2016\/01\/2016-01-13-22.51.48.jpg 1200w, http:\/\/damas.laiglesiadelacomunidad.com\/wp-content\/uploads\/2016\/01\/2016-01-13-22.51.48-225x300.jpg 225w, http:\/\/damas.laiglesiadelacomunidad.com\/wp-content\/uploads\/2016\/01\/2016-01-13-22.51.48-768x1024.jpg 768w\" sizes=\"(max-width: 1200px) 100vw, 1200px\" \/><\/a> <a href=\"http:\/\/damas.laiglesiadelacomunidad.com\/?attachment_id=10414\" rel=\"attachment wp-att-10414\"><img loading=\"lazy\" decoding=\"async\" class=\"alignnone size-full wp-image-10414\" src=\"http:\/\/damas.laiglesiadelacomunidad.com\/wp-content\/uploads\/2016\/01\/2016-01-13-22.52.06.jpg\" alt=\"2016-01-13 22.52.06\" width=\"1200\" height=\"1600\" srcset=\"http:\/\/damas.laiglesiadelacomunidad.com\/wp-content\/uploads\/2016\/01\/2016-01-13-22.52.06.jpg 1200w, http:\/\/damas.laiglesiadelacomunidad.com\/wp-content\/uploads\/2016\/01\/2016-01-13-22.52.06-225x300.jpg 225w, http:\/\/damas.laiglesiadelacomunidad.com\/wp-content\/uploads\/2016\/01\/2016-01-13-22.52.06-768x1024.jpg 768w\" sizes=\"(max-width: 1200px) 100vw, 1200px\" \/><\/a> <a href=\"http:\/\/damas.laiglesiadelacomunidad.com\/?attachment_id=10415\" rel=\"attachment wp-att-10415\"><img loading=\"lazy\" decoding=\"async\" class=\"alignnone size-full wp-image-10415\" src=\"http:\/\/damas.laiglesiadelacomunidad.com\/wp-content\/uploads\/2016\/01\/2016-01-13-22.52.09.jpg\" alt=\"2016-01-13 22.52.09\" width=\"1200\" height=\"1600\" srcset=\"http:\/\/damas.laiglesiadelacomunidad.com\/wp-content\/uploads\/2016\/01\/2016-01-13-22.52.09.jpg 1200w, http:\/\/damas.laiglesiadelacomunidad.com\/wp-content\/uploads\/2016\/01\/2016-01-13-22.52.09-225x300.jpg 225w, http:\/\/damas.laiglesiadelacomunidad.com\/wp-content\/uploads\/2016\/01\/2016-01-13-22.52.09-768x1024.jpg 768w\" sizes=\"(max-width: 1200px) 100vw, 1200px\" \/><\/a> <a href=\"http:\/\/damas.laiglesiadelacomunidad.com\/?attachment_id=10416\" rel=\"attachment wp-att-10416\"><img loading=\"lazy\" decoding=\"async\" class=\"alignnone size-full wp-image-10416\" src=\"http:\/\/damas.laiglesiadelacomunidad.com\/wp-content\/uploads\/2016\/01\/2016-01-13-22.52.14.jpg\" alt=\"2016-01-13 22.52.14\" width=\"1200\" height=\"1600\" srcset=\"http:\/\/damas.laiglesiadelacomunidad.com\/wp-content\/uploads\/2016\/01\/2016-01-13-22.52.14.jpg 1200w, http:\/\/damas.laiglesiadelacomunidad.com\/wp-content\/uploads\/2016\/01\/2016-01-13-22.52.14-225x300.jpg 225w, http:\/\/damas.laiglesiadelacomunidad.com\/wp-content\/uploads\/2016\/01\/2016-01-13-22.52.14-768x1024.jpg 768w\" sizes=\"(max-width: 1200px) 100vw, 1200px\" \/><\/a> <a href=\"http:\/\/damas.laiglesiadelacomunidad.com\/?attachment_id=10417\" rel=\"attachment wp-att-10417\"><img loading=\"lazy\" decoding=\"async\" class=\"alignnone size-full wp-image-10417\" src=\"http:\/\/damas.laiglesiadelacomunidad.com\/wp-content\/uploads\/2016\/01\/2016-01-13-22.52.17.jpg\" alt=\"2016-01-13 22.52.17\" width=\"1200\" height=\"1600\" srcset=\"http:\/\/damas.laiglesiadelacomunidad.com\/wp-content\/uploads\/2016\/01\/2016-01-13-22.52.17.jpg 1200w, http:\/\/damas.laiglesiadelacomunidad.com\/wp-content\/uploads\/2016\/01\/2016-01-13-22.52.17-225x300.jpg 225w, http:\/\/damas.laiglesiadelacomunidad.com\/wp-content\/uploads\/2016\/01\/2016-01-13-22.52.17-768x1024.jpg 768w\" sizes=\"(max-width: 1200px) 100vw, 1200px\" \/><\/a> <a href=\"http:\/\/damas.laiglesiadelacomunidad.com\/?attachment_id=10418\" rel=\"attachment wp-att-10418\"><img loading=\"lazy\" decoding=\"async\" class=\"alignnone size-full wp-image-10418\" src=\"http:\/\/damas.laiglesiadelacomunidad.com\/wp-content\/uploads\/2016\/01\/2016-01-13-22.52.25.jpg\" alt=\"2016-01-13 22.52.25\" width=\"1280\" height=\"960\" srcset=\"http:\/\/damas.laiglesiadelacomunidad.com\/wp-content\/uploads\/2016\/01\/2016-01-13-22.52.25.jpg 1280w, http:\/\/damas.laiglesiadelacomunidad.com\/wp-content\/uploads\/2016\/01\/2016-01-13-22.52.25-300x225.jpg 300w, http:\/\/damas.laiglesiadelacomunidad.com\/wp-content\/uploads\/2016\/01\/2016-01-13-22.52.25-768x576.jpg 768w, http:\/\/damas.laiglesiadelacomunidad.com\/wp-content\/uploads\/2016\/01\/2016-01-13-22.52.25-1024x768.jpg 1024w\" sizes=\"(max-width: 1280px) 100vw, 1280px\" \/><\/a><\/p>\n","protected":false},"excerpt":{"rendered":"<p>Gracias Dios por otro excelente estudio, gracias por cada una de las que nos reunimos hoy aqu\u00ed, te pedimos que tu mano est\u00e9 sobre cada una de nosotras y especialmente te pedimos por nuestra querida Kari, que Tu sigas cuidando tanto a ella como a Thiago. Tambi\u00e9n te damos gracias por la vida de Rocio &hellip; <a href=\"http:\/\/damas.laiglesiadelacomunidad.com\/?p=10403\" class=\"more-link\">Continue reading <span class=\"screen-reader-text\">Estudio mi\u00e9rcoles 13 de Enero 2016<\/span> <span class=\"meta-nav\">&rarr;<\/span><\/a><\/p>\n","protected":false},"author":2,"featured_media":0,"comment_status":"open","ping_status":"open","sticky":false,"template":"","format":"gallery","meta":{"footnotes":""},"categories":[6],"tags":[],"_links":{"self":[{"href":"http:\/\/damas.laiglesiadelacomunidad.com\/index.php?rest_route=\/wp\/v2\/posts\/10403"}],"collection":[{"href":"http:\/\/damas.laiglesiadelacomunidad.com\/index.php?rest_route=\/wp\/v2\/posts"}],"about":[{"href":"http:\/\/damas.laiglesiadelacomunidad.com\/index.php?rest_route=\/wp\/v2\/types\/post"}],"author":[{"embeddable":true,"href":"http:\/\/damas.laiglesiadelacomunidad.com\/index.php?rest_route=\/wp\/v2\/users\/2"}],"replies":[{"embeddable":true,"href":"http:\/\/damas.laiglesiadelacomunidad.com\/index.php?rest_route=%2Fwp%2Fv2%2Fcomments&post=10403"}],"version-history":[{"count":3,"href":"http:\/\/damas.laiglesiadelacomunidad.com\/index.php?rest_route=\/wp\/v2\/posts\/10403\/revisions"}],"predecessor-version":[{"id":10421,"href":"http:\/\/damas.laiglesiadelacomunidad.com\/index.php?rest_route=\/wp\/v2\/posts\/10403\/revisions\/10421"}],"wp:attachment":[{"href":"http:\/\/damas.laiglesiadelacomunidad.com\/index.php?rest_route=%2Fwp%2Fv2%2Fmedia&parent=10403"}],"wp:term":[{"taxonomy":"category","embeddable":true,"href":"http:\/\/damas.laiglesiadelacomunidad.com\/index.php?rest_route=%2Fwp%2Fv2%2Fcategories&post=10403"},{"taxonomy":"post_tag","embeddable":true,"href":"http:\/\/damas.laiglesiadelacomunidad.com\/index.php?rest_route=%2Fwp%2Fv2%2Ftags&post=10403"}],"curies":[{"name":"wp","href":"https:\/\/api.w.org\/{rel}","templated":true}]}}