{"id":10160,"date":"2015-12-20T23:45:02","date_gmt":"2015-12-21T05:45:02","guid":{"rendered":"http:\/\/damas.laiglesiadelacomunidad.com\/?p=10160"},"modified":"2015-12-21T07:41:15","modified_gmt":"2015-12-21T13:41:15","slug":"reunion-domingo-20-de-dic-2015","status":"publish","type":"post","link":"http:\/\/damas.laiglesiadelacomunidad.com\/?p=10160","title":{"rendered":"Reuni\u00f3n domingo 20 de Dic. 2015"},"content":{"rendered":"<p>Gracias Se\u00f1or por tan linda noche, gracias por cada momento bueno y para cada momento no tan bueno que hemos tenido \u00e9ste a\u00f1o, gracias por la fidelidad de todos los voluntarios, especialmente gracias por la fidelidad de Felipe, gracias por ponerlo a \u00e9l como pastor de \u00e9ste reba\u00f1o por tantos a\u00f1os y por su trabajo tan grande que tiene en <a href=\"http:\/\/www,pazcondios.com\">pazconDios.com<\/a><\/p>\n<p>Hoy escuchamos un mensaje de mucha esperanza, el tema fue: <strong>&#8220;Vino el Cordero&#8221;<\/strong> y le idea grande fue: <strong>&#8220;Jes\u00fas es el Cordero de Dios&#8221;\u00a0<\/strong>hoy nos remontamos un poquito en la historia, en el tiempo de la esclavitud de los israelitas en Egipto, Dios mando a Moises a rescatarlos de la exclavitud pero por la dureza del coraz\u00f3n del \u00a0faraon no los dejaba ir, hasta despu\u00e9s de recibir\u00a010 plagas siendo la \u00faltima la <a href=\"https:\/\/www.biblegateway.com\/passage\/?search=exodo+11&amp;version=RVR1960\">muerte de los primogenitos<\/a>. Dios pidi\u00f3 a los israelitas que celebraran la pascua y mataran corderos y pintaran los marcos de sus casas con sangre del cordero como se\u00f1al \u00a0para que el \u00e1ngel de la muerte no matara al primogenito de esa casa.<\/p>\n<p>Despu\u00e9s de la salida de Egipto Dios puso un sistema en el cual se usaban corderos o animales puros, sin defectos que se sacrificaban por los pecados de la gente, ya se imaginan con tanta gente y tanto pecado era matansina de animales. Pero Dios hab\u00eda prometido que enviar\u00eda a su hijo y que \u00c9l seria el \u00faltimo sacrificio, Su hijo vivir\u00eda una vida perfecta sin pecado y \u00a0morir\u00eda una muerte violenta y derramar\u00eda su sangre por ti y por mi, y Jes\u00fas es ese cordero que quit\u00f3 el pecado del mundo, y nosotras participamos de esa limpieza o salvaci\u00f3n por aceptar a Jes\u00fas y hacerlo nuestro Se\u00f1or y Salvador por arrepentirnos y bautizarnos.<\/p>\n<p><strong>El siguiente d\u00eda vio Juan a Jes\u00fas que ven\u00eda a \u00e9l, y dijo: He aqu\u00ed el Cordero de Dios, que quita el pecado del mundo.<\/strong> Juan 1:29<\/p>\n<p><strong><span class=\"text Luke-22-7\">Lleg\u00f3 el d\u00eda de los panes sin levadura, en el cual era necesario sacrificar el cordero de la pascua.<\/span><span id=\"es-RVR1960-25874\" class=\"text Luke-22-8\"><sup class=\"versenum\">\u00a0<\/sup>Y Jes\u00fas envi\u00f3 a Pedro y a Juan, diciendo: <span style=\"color: #ff0000;\">Id, preparadnos la pascua para que la comamos.<\/span><\/span><\/strong><\/p>\n<p><strong><span id=\"es-RVR1960-25875\" class=\"text Luke-22-9\">Ellos le dijeron: \u00bfD\u00f3nde quieres que la preparemos?<\/span><span id=\"es-RVR1960-25876\" class=\"text Luke-22-10\"><sup class=\"versenum\">\u00a0<\/sup>\u00c9l les dijo:<span style=\"color: #ff0000;\"> He aqu\u00ed, al entrar en la ciudad os saldr\u00e1 al encuentro un hombre que lleva un c\u00e1ntaro de agua; seguidle hasta la casa donde entrare,\u00a0<\/span><\/span><span id=\"es-RVR1960-25877\" class=\"text Luke-22-11\" style=\"color: #ff0000;\">y decid al padre de familia de esa casa: El Maestro te dice: \u00bfD\u00f3nde est\u00e1 el aposento donde he de comer la pascua con mis disc\u00edpulos?<\/span><span id=\"es-RVR1960-25878\" class=\"text Luke-22-12\"><span style=\"color: #ff0000;\">Entonces \u00e9l os mostrar\u00e1 un gran aposento alto ya dispuesto; preparad all\u00ed.<\/span>\u00a0<\/span><span id=\"es-RVR1960-25879\" class=\"text Luke-22-13\"><sup class=\"versenum\">\u00a0<\/sup>Fueron, pues, y hallaron como les hab\u00eda dicho; y prepararon la pascua.<\/span><\/strong><\/p>\n<p><strong><span id=\"es-RVR1960-25880\" class=\"text Luke-22-14\"><sup class=\"versenum\">\u00a0<\/sup>Cuando era la hora, se sent\u00f3 a la mesa, y con \u00e9l los ap\u00f3stoles.<\/span><\/strong><span id=\"es-RVR1960-25881\" class=\"text Luke-22-15\"><strong>Y les dijo:<\/strong> <strong><span style=\"color: #ff0000;\">!!Cu\u00e1nto he deseado comer con vosotros esta pascua antes que padezca!\u00a0<\/span><\/strong><\/span><strong><span style=\"color: #ff0000;\"><span id=\"es-RVR1960-25882\" class=\"text Luke-22-16\">Porque os digo que no la comer\u00e9 m\u00e1s, hasta que se cumpla en el reino de Dios.\u00a0<\/span><span id=\"es-RVR1960-25883\" class=\"text Luke-22-17\">Y habiendo tomado la copa, dio gracias, y dijo: Tomad esto, y repartidlo entre vosotros;\u00a0<\/span><span id=\"es-RVR1960-25884\" class=\"text Luke-22-18\">porque os digo que no beber\u00e9 m\u00e1s del fruto de la vid, hasta que el reino de Dios venga.\u00a0<\/span><span id=\"es-RVR1960-25885\" class=\"text Luke-22-19\">Y tom\u00f3 el pan y dio gracias, y lo parti\u00f3 y les dio, diciendo: Esto es mi cuerpo, que por vosotros es dado; haced esto en memoria de m\u00ed.<\/span><\/span><\/strong><span id=\"es-RVR1960-25886\" class=\"text Luke-22-20\"><strong><span style=\"color: #ff0000;\"><sup class=\"versenum\">\u00a0<\/sup>De igual manera, despu\u00e9s que hubo cenado, tom\u00f3 la copa, diciendo: Esta copa es el nuevo pacto en mi sangre, que por vosotros se derrama<\/span><\/strong>. Lucas 22:7-20<\/span><\/p>\n<p>De nuevo gracias Se\u00f1or por darnos el privilegio de mantenernos unidas y ser una gran familia, te pido que nos sigas poniendo el deseo en nuestros corazones de seguirte y obedecerte aunque eso nos cueste perder familia y amistades. Te lo pedimos en nombre de nuestro Se\u00f1or Jesucristo, am\u00e9n.<\/p>\n<p>Dios la bendiga y Feliz Navidad.<\/p>\n<p>Jackie C.<\/p>\n<!-- Rendered by FancyBox without labels BEGIN -->\n\n\t<style type=\"text\/css\">\n\t\t\t\t\t#gallery-0 {\n\t\t\t\t\t\tmargin: auto;\n\t\t\t\t\t}\n\t\t\t\t\t#gallery-0 .gallery-item {\n\t\t\t\t\t\tfloat: left;\n\t\t\t\t\t\tmargin-top: 10px;\n\t\t\t\t\t\ttext-align: center;\n\t\t\t\t\t\twidth: 19%;\n\t\t\t\t\t}\n\t\t\t\t\t#gallery-0 img {\n\t\t\t\t\t\tborder: 2px solid #cfcfcf;\n\t\t\t\t\t}\n\t\t\t\t\t#gallery-0 .gallery-caption {\n\t\t\t\t\t\tmargin-left: 0;\n\t\t\t\t\t}\n\t<\/style>\n<script type=\"text\/javascript\">\n$(document).ready(function() {\n\t\/*\n\t *  Simple image gallery. Uses default settings\n\t *\/\n\n\t$(\".fancybox\").fancybox({\n\t\t\"transitionIn\"\t\t: \"none\",\n\t\t\"transitionOut\"\t\t: \"none\",\n\t\t\"titlePosition\" \t: \"over\"\n\n\t});\n});\n<\/script>\n\n\t<div id=\"gallery-0\" class=\"gallery galleryid-0 gallery-size-thumbnail\" style=\"\"><dl class=\"gallery-item\"><dt class=\"gallery-icon\">\n\t\t<a class=\"fancybox\" href=\"http:\/\/damas.laiglesiadelacomunidad.com\/wp-content\/uploads\/2015\/12\/2015-12-20-22.40.26-1024x768.jpg\" rel=\"gallery-0\"><img loading=\"lazy\" decoding=\"async\" width=\"150\" height=\"150\" class=\"attachment-thumbnail\" alt=\"\" src=\"http:\/\/damas.laiglesiadelacomunidad.com\/wp-content\/uploads\/2015\/12\/2015-12-20-22.40.26-150x150.jpg\" \/><\/a><\/dt><\/dl>\n\n<dl class=\"gallery-item\"><dt class=\"gallery-icon\">\n\t\t<a class=\"fancybox\" href=\"http:\/\/damas.laiglesiadelacomunidad.com\/wp-content\/uploads\/2015\/12\/2015-12-20-22.40.42-1024x768.jpg\" rel=\"gallery-0\"><img loading=\"lazy\" decoding=\"async\" width=\"150\" height=\"150\" class=\"attachment-thumbnail\" alt=\"\" src=\"http:\/\/damas.laiglesiadelacomunidad.com\/wp-content\/uploads\/2015\/12\/2015-12-20-22.40.42-150x150.jpg\" \/><\/a><\/dt><\/dl>\n\n<dl class=\"gallery-item\"><dt class=\"gallery-icon\">\n\t\t<a class=\"fancybox\" href=\"http:\/\/damas.laiglesiadelacomunidad.com\/wp-content\/uploads\/2015\/12\/2015-12-20-22.40.45-1024x768.jpg\" rel=\"gallery-0\"><img loading=\"lazy\" decoding=\"async\" width=\"150\" height=\"150\" class=\"attachment-thumbnail\" alt=\"\" src=\"http:\/\/damas.laiglesiadelacomunidad.com\/wp-content\/uploads\/2015\/12\/2015-12-20-22.40.45-150x150.jpg\" \/><\/a><\/dt><\/dl>\n\n<dl class=\"gallery-item\"><dt class=\"gallery-icon\">\n\t\t<a class=\"fancybox\" href=\"http:\/\/damas.laiglesiadelacomunidad.com\/wp-content\/uploads\/2015\/12\/2015-12-20-22.40.48-1024x768.jpg\" rel=\"gallery-0\"><img loading=\"lazy\" decoding=\"async\" width=\"150\" height=\"150\" class=\"attachment-thumbnail\" alt=\"\" src=\"http:\/\/damas.laiglesiadelacomunidad.com\/wp-content\/uploads\/2015\/12\/2015-12-20-22.40.48-150x150.jpg\" \/><\/a><\/dt><\/dl>\n\n<dl class=\"gallery-item\"><dt class=\"gallery-icon\">\n\t\t<a class=\"fancybox\" href=\"http:\/\/damas.laiglesiadelacomunidad.com\/wp-content\/uploads\/2015\/12\/2015-12-20-22.40.51-1024x768.jpg\" rel=\"gallery-0\"><img loading=\"lazy\" decoding=\"async\" width=\"150\" height=\"150\" class=\"attachment-thumbnail\" alt=\"\" src=\"http:\/\/damas.laiglesiadelacomunidad.com\/wp-content\/uploads\/2015\/12\/2015-12-20-22.40.51-150x150.jpg\" \/><\/a><\/dt><\/dl>\n\n<dl class=\"gallery-item\"><dt class=\"gallery-icon\">\n\t\t<a class=\"fancybox\" href=\"http:\/\/damas.laiglesiadelacomunidad.com\/wp-content\/uploads\/2015\/12\/2015-12-20-22.40.55-1024x768.jpg\" rel=\"gallery-0\"><img loading=\"lazy\" decoding=\"async\" width=\"150\" height=\"150\" class=\"attachment-thumbnail\" alt=\"\" src=\"http:\/\/damas.laiglesiadelacomunidad.com\/wp-content\/uploads\/2015\/12\/2015-12-20-22.40.55-150x150.jpg\" \/><\/a><\/dt><\/dl>\n\n<dl class=\"gallery-item\"><dt class=\"gallery-icon\">\n\t\t<a class=\"fancybox\" href=\"http:\/\/damas.laiglesiadelacomunidad.com\/wp-content\/uploads\/2015\/12\/2015-12-20-22.40.59-1024x768.jpg\" rel=\"gallery-0\"><img loading=\"lazy\" decoding=\"async\" width=\"150\" height=\"150\" class=\"attachment-thumbnail\" alt=\"\" src=\"http:\/\/damas.laiglesiadelacomunidad.com\/wp-content\/uploads\/2015\/12\/2015-12-20-22.40.59-150x150.jpg\" \/><\/a><\/dt><\/dl>\n\n<dl class=\"gallery-item\"><dt class=\"gallery-icon\">\n\t\t<a class=\"fancybox\" href=\"http:\/\/damas.laiglesiadelacomunidad.com\/wp-content\/uploads\/2015\/12\/2015-12-20-22.41.03-1024x768.jpg\" rel=\"gallery-0\"><img loading=\"lazy\" decoding=\"async\" width=\"150\" height=\"150\" class=\"attachment-thumbnail\" alt=\"\" src=\"http:\/\/damas.laiglesiadelacomunidad.com\/wp-content\/uploads\/2015\/12\/2015-12-20-22.41.03-150x150.jpg\" \/><\/a><\/dt><\/dl>\n\n<dl class=\"gallery-item\"><dt class=\"gallery-icon\">\n\t\t<a class=\"fancybox\" href=\"http:\/\/damas.laiglesiadelacomunidad.com\/wp-content\/uploads\/2015\/12\/2015-12-20-22.41.22-1024x768.jpg\" rel=\"gallery-0\"><img loading=\"lazy\" decoding=\"async\" width=\"150\" height=\"150\" class=\"attachment-thumbnail\" alt=\"\" src=\"http:\/\/damas.laiglesiadelacomunidad.com\/wp-content\/uploads\/2015\/12\/2015-12-20-22.41.22-150x150.jpg\" \/><\/a><\/dt><\/dl>\n\n<dl class=\"gallery-item\"><dt class=\"gallery-icon\">\n\t\t<a class=\"fancybox\" href=\"http:\/\/damas.laiglesiadelacomunidad.com\/wp-content\/uploads\/2015\/12\/2015-12-20-22.41.25-1024x768.jpg\" rel=\"gallery-0\"><img loading=\"lazy\" decoding=\"async\" width=\"150\" height=\"150\" class=\"attachment-thumbnail\" alt=\"\" src=\"http:\/\/damas.laiglesiadelacomunidad.com\/wp-content\/uploads\/2015\/12\/2015-12-20-22.41.25-150x150.jpg\" \/><\/a><\/dt><\/dl>\n\n<dl class=\"gallery-item\"><dt class=\"gallery-icon\">\n\t\t<a class=\"fancybox\" href=\"http:\/\/damas.laiglesiadelacomunidad.com\/wp-content\/uploads\/2015\/12\/2015-12-20-22.41.31-1024x768.jpg\" rel=\"gallery-0\"><img loading=\"lazy\" decoding=\"async\" width=\"150\" height=\"150\" class=\"attachment-thumbnail\" alt=\"\" src=\"http:\/\/damas.laiglesiadelacomunidad.com\/wp-content\/uploads\/2015\/12\/2015-12-20-22.41.31-150x150.jpg\" \/><\/a><\/dt><\/dl>\n\n<dl class=\"gallery-item\"><dt class=\"gallery-icon\">\n\t\t<a class=\"fancybox\" href=\"http:\/\/damas.laiglesiadelacomunidad.com\/wp-content\/uploads\/2015\/12\/2015-12-20-22.41.34-1024x768.jpg\" rel=\"gallery-0\"><img loading=\"lazy\" decoding=\"async\" width=\"150\" height=\"150\" class=\"attachment-thumbnail\" alt=\"\" src=\"http:\/\/damas.laiglesiadelacomunidad.com\/wp-content\/uploads\/2015\/12\/2015-12-20-22.41.34-150x150.jpg\" \/><\/a><\/dt><\/dl>\n\n<dl class=\"gallery-item\"><dt class=\"gallery-icon\">\n\t\t<a class=\"fancybox\" href=\"http:\/\/damas.laiglesiadelacomunidad.com\/wp-content\/uploads\/2015\/12\/2015-12-20-22.41.37-1024x768.jpg\" rel=\"gallery-0\"><img loading=\"lazy\" decoding=\"async\" width=\"150\" height=\"150\" class=\"attachment-thumbnail\" alt=\"\" src=\"http:\/\/damas.laiglesiadelacomunidad.com\/wp-content\/uploads\/2015\/12\/2015-12-20-22.41.37-150x150.jpg\" \/><\/a><\/dt><\/dl>\n\n<dl class=\"gallery-item\"><dt class=\"gallery-icon\">\n\t\t<a class=\"fancybox\" href=\"http:\/\/damas.laiglesiadelacomunidad.com\/wp-content\/uploads\/2015\/12\/2015-12-20-22.41.40-1024x768.jpg\" rel=\"gallery-0\"><img loading=\"lazy\" decoding=\"async\" width=\"150\" height=\"150\" class=\"attachment-thumbnail\" alt=\"\" src=\"http:\/\/damas.laiglesiadelacomunidad.com\/wp-content\/uploads\/2015\/12\/2015-12-20-22.41.40-150x150.jpg\" \/><\/a><\/dt><\/dl>\n\n<dl class=\"gallery-item\"><dt class=\"gallery-icon\">\n\t\t<a class=\"fancybox\" href=\"http:\/\/damas.laiglesiadelacomunidad.com\/wp-content\/uploads\/2015\/12\/2015-12-20-22.41.43-1024x768.jpg\" rel=\"gallery-0\"><img loading=\"lazy\" decoding=\"async\" width=\"150\" height=\"150\" class=\"attachment-thumbnail\" alt=\"\" src=\"http:\/\/damas.laiglesiadelacomunidad.com\/wp-content\/uploads\/2015\/12\/2015-12-20-22.41.43-150x150.jpg\" \/><\/a><\/dt><\/dl>\n\n<dl class=\"gallery-item\"><dt class=\"gallery-icon\">\n\t\t<a class=\"fancybox\" href=\"http:\/\/damas.laiglesiadelacomunidad.com\/wp-content\/uploads\/2015\/12\/2015-12-20-22.41.45-1024x768.jpg\" rel=\"gallery-0\"><img loading=\"lazy\" decoding=\"async\" width=\"150\" height=\"150\" class=\"attachment-thumbnail\" alt=\"\" src=\"http:\/\/damas.laiglesiadelacomunidad.com\/wp-content\/uploads\/2015\/12\/2015-12-20-22.41.45-150x150.jpg\" \/><\/a><\/dt><\/dl>\n\n<dl class=\"gallery-item\"><dt class=\"gallery-icon\">\n\t\t<a class=\"fancybox\" href=\"http:\/\/damas.laiglesiadelacomunidad.com\/wp-content\/uploads\/2015\/12\/2015-12-20-22.41.48-1024x768.jpg\" rel=\"gallery-0\"><img loading=\"lazy\" decoding=\"async\" width=\"150\" height=\"150\" class=\"attachment-thumbnail\" alt=\"\" src=\"http:\/\/damas.laiglesiadelacomunidad.com\/wp-content\/uploads\/2015\/12\/2015-12-20-22.41.48-150x150.jpg\" \/><\/a><\/dt><\/dl>\n\n<dl class=\"gallery-item\"><dt class=\"gallery-icon\">\n\t\t<a class=\"fancybox\" href=\"http:\/\/damas.laiglesiadelacomunidad.com\/wp-content\/uploads\/2015\/12\/2015-12-20-22.41.50-1024x768.jpg\" rel=\"gallery-0\"><img loading=\"lazy\" decoding=\"async\" width=\"150\" height=\"150\" class=\"attachment-thumbnail\" alt=\"\" src=\"http:\/\/damas.laiglesiadelacomunidad.com\/wp-content\/uploads\/2015\/12\/2015-12-20-22.41.50-150x150.jpg\" \/><\/a><\/dt><\/dl>\n\n<dl class=\"gallery-item\"><dt class=\"gallery-icon\">\n\t\t<a class=\"fancybox\" href=\"http:\/\/damas.laiglesiadelacomunidad.com\/wp-content\/uploads\/2015\/12\/2015-12-20-22.41.54-1024x768.jpg\" rel=\"gallery-0\"><img loading=\"lazy\" decoding=\"async\" width=\"150\" height=\"150\" class=\"attachment-thumbnail\" alt=\"\" src=\"http:\/\/damas.laiglesiadelacomunidad.com\/wp-content\/uploads\/2015\/12\/2015-12-20-22.41.54-150x150.jpg\" \/><\/a><\/dt><\/dl>\n\n<dl class=\"gallery-item\"><dt class=\"gallery-icon\">\n\t\t<a class=\"fancybox\" href=\"http:\/\/damas.laiglesiadelacomunidad.com\/wp-content\/uploads\/2015\/12\/2015-12-20-22.41.56-1024x768.jpg\" rel=\"gallery-0\"><img loading=\"lazy\" decoding=\"async\" width=\"150\" height=\"150\" class=\"attachment-thumbnail\" alt=\"\" src=\"http:\/\/damas.laiglesiadelacomunidad.com\/wp-content\/uploads\/2015\/12\/2015-12-20-22.41.56-150x150.jpg\" \/><\/a><\/dt><\/dl>\n\n<dl class=\"gallery-item\"><dt class=\"gallery-icon\">\n\t\t<a class=\"fancybox\" href=\"http:\/\/damas.laiglesiadelacomunidad.com\/wp-content\/uploads\/2015\/12\/2015-12-20-22.41.58-1024x768.jpg\" rel=\"gallery-0\"><img loading=\"lazy\" decoding=\"async\" width=\"150\" height=\"150\" class=\"attachment-thumbnail\" alt=\"\" src=\"http:\/\/damas.laiglesiadelacomunidad.com\/wp-content\/uploads\/2015\/12\/2015-12-20-22.41.58-150x150.jpg\" \/><\/a><\/dt><\/dl>\n\n<dl class=\"gallery-item\"><dt class=\"gallery-icon\">\n\t\t<a class=\"fancybox\" href=\"http:\/\/damas.laiglesiadelacomunidad.com\/wp-content\/uploads\/2015\/12\/2015-12-20-22.42.01-1024x768.jpg\" rel=\"gallery-0\"><img loading=\"lazy\" decoding=\"async\" width=\"150\" height=\"150\" class=\"attachment-thumbnail\" alt=\"\" src=\"http:\/\/damas.laiglesiadelacomunidad.com\/wp-content\/uploads\/2015\/12\/2015-12-20-22.42.01-150x150.jpg\" \/><\/a><\/dt><\/dl>\n\n<dl class=\"gallery-item\"><dt class=\"gallery-icon\">\n\t\t<a class=\"fancybox\" href=\"http:\/\/damas.laiglesiadelacomunidad.com\/wp-content\/uploads\/2015\/12\/2015-12-20-22.42.07-1024x768.jpg\" rel=\"gallery-0\"><img loading=\"lazy\" decoding=\"async\" width=\"150\" height=\"150\" class=\"attachment-thumbnail\" alt=\"\" src=\"http:\/\/damas.laiglesiadelacomunidad.com\/wp-content\/uploads\/2015\/12\/2015-12-20-22.42.07-150x150.jpg\" \/><\/a><\/dt><\/dl>\n\n<dl class=\"gallery-item\"><dt class=\"gallery-icon\">\n\t\t<a class=\"fancybox\" href=\"http:\/\/damas.laiglesiadelacomunidad.com\/wp-content\/uploads\/2015\/12\/2015-12-20-22.42.14-1024x768.jpg\" rel=\"gallery-0\"><img loading=\"lazy\" decoding=\"async\" width=\"150\" height=\"150\" class=\"attachment-thumbnail\" alt=\"\" src=\"http:\/\/damas.laiglesiadelacomunidad.com\/wp-content\/uploads\/2015\/12\/2015-12-20-22.42.14-150x150.jpg\" \/><\/a><\/dt><\/dl>\n\n<dl class=\"gallery-item\"><dt class=\"gallery-icon\">\n\t\t<a class=\"fancybox\" href=\"http:\/\/damas.laiglesiadelacomunidad.com\/wp-content\/uploads\/2015\/12\/2015-12-20-22.42.19-1024x768.jpg\" rel=\"gallery-0\"><img loading=\"lazy\" decoding=\"async\" width=\"150\" height=\"150\" class=\"attachment-thumbnail\" alt=\"\" src=\"http:\/\/damas.laiglesiadelacomunidad.com\/wp-content\/uploads\/2015\/12\/2015-12-20-22.42.19-150x150.jpg\" \/><\/a><\/dt><\/dl>\n\n<dl class=\"gallery-item\"><dt class=\"gallery-icon\">\n\t\t<a class=\"fancybox\" href=\"http:\/\/damas.laiglesiadelacomunidad.com\/wp-content\/uploads\/2015\/12\/2015-12-20-22.42.22-768x1024.jpg\" rel=\"gallery-0\"><img loading=\"lazy\" decoding=\"async\" width=\"150\" height=\"150\" class=\"attachment-thumbnail\" alt=\"\" src=\"http:\/\/damas.laiglesiadelacomunidad.com\/wp-content\/uploads\/2015\/12\/2015-12-20-22.42.22-150x150.jpg\" \/><\/a><\/dt><\/dl>\n\n<dl class=\"gallery-item\"><dt class=\"gallery-icon\">\n\t\t<a class=\"fancybox\" href=\"http:\/\/damas.laiglesiadelacomunidad.com\/wp-content\/uploads\/2015\/12\/2015-12-20-22.42.24-768x1024.jpg\" rel=\"gallery-0\"><img loading=\"lazy\" decoding=\"async\" width=\"150\" height=\"150\" class=\"attachment-thumbnail\" alt=\"\" src=\"http:\/\/damas.laiglesiadelacomunidad.com\/wp-content\/uploads\/2015\/12\/2015-12-20-22.42.24-150x150.jpg\" \/><\/a><\/dt><\/dl>\n\n<dl class=\"gallery-item\"><dt class=\"gallery-icon\">\n\t\t<a class=\"fancybox\" href=\"http:\/\/damas.laiglesiadelacomunidad.com\/wp-content\/uploads\/2015\/12\/2015-12-20-22.42.27-768x1024.jpg\" rel=\"gallery-0\"><img loading=\"lazy\" decoding=\"async\" width=\"150\" height=\"150\" class=\"attachment-thumbnail\" alt=\"\" src=\"http:\/\/damas.laiglesiadelacomunidad.com\/wp-content\/uploads\/2015\/12\/2015-12-20-22.42.27-150x150.jpg\" \/><\/a><\/dt><\/dl>\n\n<dl class=\"gallery-item\"><dt class=\"gallery-icon\">\n\t\t<a class=\"fancybox\" href=\"http:\/\/damas.laiglesiadelacomunidad.com\/wp-content\/uploads\/2015\/12\/2015-12-20-22.42.29-768x1024.jpg\" rel=\"gallery-0\"><img loading=\"lazy\" decoding=\"async\" width=\"150\" height=\"150\" class=\"attachment-thumbnail\" alt=\"\" src=\"http:\/\/damas.laiglesiadelacomunidad.com\/wp-content\/uploads\/2015\/12\/2015-12-20-22.42.29-150x150.jpg\" \/><\/a><\/dt><\/dl>\n\n<dl class=\"gallery-item\"><dt class=\"gallery-icon\">\n\t\t<a class=\"fancybox\" href=\"http:\/\/damas.laiglesiadelacomunidad.com\/wp-content\/uploads\/2015\/12\/2015-12-20-22.42.32-1024x768.jpg\" rel=\"gallery-0\"><img loading=\"lazy\" decoding=\"async\" width=\"150\" height=\"150\" class=\"attachment-thumbnail\" alt=\"\" src=\"http:\/\/damas.laiglesiadelacomunidad.com\/wp-content\/uploads\/2015\/12\/2015-12-20-22.42.32-150x150.jpg\" \/><\/a><\/dt><\/dl>\n\n<dl class=\"gallery-item\"><dt class=\"gallery-icon\">\n\t\t<a class=\"fancybox\" href=\"http:\/\/damas.laiglesiadelacomunidad.com\/wp-content\/uploads\/2015\/12\/2015-12-20-22.42.35-1024x768.jpg\" rel=\"gallery-0\"><img loading=\"lazy\" decoding=\"async\" width=\"150\" height=\"150\" class=\"attachment-thumbnail\" alt=\"\" src=\"http:\/\/damas.laiglesiadelacomunidad.com\/wp-content\/uploads\/2015\/12\/2015-12-20-22.42.35-150x150.jpg\" \/><\/a><\/dt><\/dl>\n\n<dl class=\"gallery-item\"><dt class=\"gallery-icon\">\n\t\t<a class=\"fancybox\" href=\"http:\/\/damas.laiglesiadelacomunidad.com\/wp-content\/uploads\/2015\/12\/2015-12-20-22.42.38-1024x576.jpg\" rel=\"gallery-0\"><img loading=\"lazy\" decoding=\"async\" width=\"150\" height=\"150\" class=\"attachment-thumbnail\" alt=\"\" src=\"http:\/\/damas.laiglesiadelacomunidad.com\/wp-content\/uploads\/2015\/12\/2015-12-20-22.42.38-150x150.jpg\" \/><\/a><\/dt><\/dl>\n\n<dl class=\"gallery-item\"><dt class=\"gallery-icon\">\n\t\t<a class=\"fancybox\" href=\"http:\/\/damas.laiglesiadelacomunidad.com\/wp-content\/uploads\/2015\/12\/2015-12-20-22.42.50-1024x576.jpg\" rel=\"gallery-0\"><img loading=\"lazy\" decoding=\"async\" width=\"150\" height=\"150\" class=\"attachment-thumbnail\" alt=\"\" src=\"http:\/\/damas.laiglesiadelacomunidad.com\/wp-content\/uploads\/2015\/12\/2015-12-20-22.42.50-150x150.jpg\" \/><\/a><\/dt><\/dl>\n\n<dl class=\"gallery-item\"><dt class=\"gallery-icon\">\n\t\t<a class=\"fancybox\" href=\"http:\/\/damas.laiglesiadelacomunidad.com\/wp-content\/uploads\/2015\/12\/2015-12-20-22.42.55-1024x576.jpg\" rel=\"gallery-0\"><img loading=\"lazy\" decoding=\"async\" width=\"150\" height=\"150\" class=\"attachment-thumbnail\" alt=\"\" src=\"http:\/\/damas.laiglesiadelacomunidad.com\/wp-content\/uploads\/2015\/12\/2015-12-20-22.42.55-150x150.jpg\" \/><\/a><\/dt><\/dl>\n\n<dl class=\"gallery-item\"><dt class=\"gallery-icon\">\n\t\t<a class=\"fancybox\" href=\"http:\/\/damas.laiglesiadelacomunidad.com\/wp-content\/uploads\/2015\/12\/2015-12-20-22.43.04-1024x576.jpg\" rel=\"gallery-0\"><img loading=\"lazy\" decoding=\"async\" width=\"150\" height=\"150\" class=\"attachment-thumbnail\" alt=\"\" src=\"http:\/\/damas.laiglesiadelacomunidad.com\/wp-content\/uploads\/2015\/12\/2015-12-20-22.43.04-150x150.jpg\" \/><\/a><\/dt><\/dl>\n\n<dl class=\"gallery-item\"><dt class=\"gallery-icon\">\n\t\t<a class=\"fancybox\" href=\"http:\/\/damas.laiglesiadelacomunidad.com\/wp-content\/uploads\/2015\/12\/2015-12-20-22.43.06-1024x576.jpg\" rel=\"gallery-0\"><img loading=\"lazy\" decoding=\"async\" width=\"150\" height=\"150\" class=\"attachment-thumbnail\" alt=\"\" src=\"http:\/\/damas.laiglesiadelacomunidad.com\/wp-content\/uploads\/2015\/12\/2015-12-20-22.43.06-150x150.jpg\" \/><\/a><\/dt><\/dl>\n\n<dl class=\"gallery-item\"><dt class=\"gallery-icon\">\n\t\t<a class=\"fancybox\" href=\"http:\/\/damas.laiglesiadelacomunidad.com\/wp-content\/uploads\/2015\/12\/2015-12-20-22.43.15-576x1024.jpg\" rel=\"gallery-0\"><img loading=\"lazy\" decoding=\"async\" width=\"150\" height=\"150\" class=\"attachment-thumbnail\" alt=\"\" src=\"http:\/\/damas.laiglesiadelacomunidad.com\/wp-content\/uploads\/2015\/12\/2015-12-20-22.43.15-150x150.jpg\" \/><\/a><\/dt><\/dl>\n\n<dl class=\"gallery-item\"><dt class=\"gallery-icon\">\n\t\t<a class=\"fancybox\" href=\"http:\/\/damas.laiglesiadelacomunidad.com\/wp-content\/uploads\/2015\/12\/2015-12-20-22.43.25-1024x576.jpg\" rel=\"gallery-0\"><img loading=\"lazy\" decoding=\"async\" width=\"150\" height=\"150\" class=\"attachment-thumbnail\" alt=\"\" src=\"http:\/\/damas.laiglesiadelacomunidad.com\/wp-content\/uploads\/2015\/12\/2015-12-20-22.43.25-150x150.jpg\" \/><\/a><\/dt><\/dl>\n\n<dl class=\"gallery-item\"><dt class=\"gallery-icon\">\n\t\t<a class=\"fancybox\" href=\"http:\/\/damas.laiglesiadelacomunidad.com\/wp-content\/uploads\/2015\/12\/2015-12-20-22.43.28-576x1024.jpg\" rel=\"gallery-0\"><img loading=\"lazy\" decoding=\"async\" width=\"150\" height=\"150\" class=\"attachment-thumbnail\" alt=\"\" src=\"http:\/\/damas.laiglesiadelacomunidad.com\/wp-content\/uploads\/2015\/12\/2015-12-20-22.43.28-150x150.jpg\" \/><\/a><\/dt><\/dl>\n\n<dl class=\"gallery-item\"><dt class=\"gallery-icon\">\n\t\t<a class=\"fancybox\" href=\"http:\/\/damas.laiglesiadelacomunidad.com\/wp-content\/uploads\/2015\/12\/2015-12-20-22.43.46-576x1024.jpg\" rel=\"gallery-0\"><img loading=\"lazy\" decoding=\"async\" width=\"150\" height=\"150\" class=\"attachment-thumbnail\" alt=\"\" src=\"http:\/\/damas.laiglesiadelacomunidad.com\/wp-content\/uploads\/2015\/12\/2015-12-20-22.43.46-150x150.jpg\" \/><\/a><\/dt><\/dl>\n\n<dl class=\"gallery-item\"><dt class=\"gallery-icon\">\n\t\t<a class=\"fancybox\" href=\"http:\/\/damas.laiglesiadelacomunidad.com\/wp-content\/uploads\/2015\/12\/2015-12-20-22.43.48-576x1024.jpg\" rel=\"gallery-0\"><img loading=\"lazy\" decoding=\"async\" width=\"150\" height=\"150\" class=\"attachment-thumbnail\" alt=\"\" src=\"http:\/\/damas.laiglesiadelacomunidad.com\/wp-content\/uploads\/2015\/12\/2015-12-20-22.43.48-150x150.jpg\" \/><\/a><\/dt><\/dl>\n\n<dl class=\"gallery-item\"><dt class=\"gallery-icon\">\n\t\t<a class=\"fancybox\" href=\"http:\/\/damas.laiglesiadelacomunidad.com\/wp-content\/uploads\/2015\/12\/2015-12-20-22.43.51-576x1024.jpg\" rel=\"gallery-0\"><img loading=\"lazy\" decoding=\"async\" width=\"150\" height=\"150\" class=\"attachment-thumbnail\" alt=\"\" src=\"http:\/\/damas.laiglesiadelacomunidad.com\/wp-content\/uploads\/2015\/12\/2015-12-20-22.43.51-150x150.jpg\" \/><\/a><\/dt><\/dl>\n\n<dl class=\"gallery-item\"><dt class=\"gallery-icon\">\n\t\t<a class=\"fancybox\" href=\"http:\/\/damas.laiglesiadelacomunidad.com\/wp-content\/uploads\/2015\/12\/2015-12-20-22.43.54-576x1024.jpg\" rel=\"gallery-0\"><img loading=\"lazy\" decoding=\"async\" width=\"150\" height=\"150\" class=\"attachment-thumbnail\" alt=\"\" src=\"http:\/\/damas.laiglesiadelacomunidad.com\/wp-content\/uploads\/2015\/12\/2015-12-20-22.43.54-150x150.jpg\" \/><\/a><\/dt><\/dl>\n\n<dl class=\"gallery-item\"><dt class=\"gallery-icon\">\n\t\t<a class=\"fancybox\" href=\"http:\/\/damas.laiglesiadelacomunidad.com\/wp-content\/uploads\/2015\/12\/2015-12-20-22.43.57-576x1024.jpg\" rel=\"gallery-0\"><img loading=\"lazy\" decoding=\"async\" width=\"150\" height=\"150\" class=\"attachment-thumbnail\" alt=\"\" src=\"http:\/\/damas.laiglesiadelacomunidad.com\/wp-content\/uploads\/2015\/12\/2015-12-20-22.43.57-150x150.jpg\" \/><\/a><\/dt><\/dl>\n\n<dl class=\"gallery-item\"><dt class=\"gallery-icon\">\n\t\t<a class=\"fancybox\" href=\"http:\/\/damas.laiglesiadelacomunidad.com\/wp-content\/uploads\/2015\/12\/2015-12-20-22.44.00-576x1024.jpg\" rel=\"gallery-0\"><img loading=\"lazy\" decoding=\"async\" width=\"150\" height=\"150\" class=\"attachment-thumbnail\" alt=\"\" src=\"http:\/\/damas.laiglesiadelacomunidad.com\/wp-content\/uploads\/2015\/12\/2015-12-20-22.44.00-150x150.jpg\" \/><\/a><\/dt><\/dl>\n\n<dl class=\"gallery-item\"><dt class=\"gallery-icon\">\n\t\t<a class=\"fancybox\" href=\"http:\/\/damas.laiglesiadelacomunidad.com\/wp-content\/uploads\/2015\/12\/2015-12-20-22.44.05-576x1024.jpg\" rel=\"gallery-0\"><img loading=\"lazy\" decoding=\"async\" width=\"150\" height=\"150\" class=\"attachment-thumbnail\" alt=\"\" src=\"http:\/\/damas.laiglesiadelacomunidad.com\/wp-content\/uploads\/2015\/12\/2015-12-20-22.44.05-150x150.jpg\" \/><\/a><\/dt><\/dl>\n\n<dl class=\"gallery-item\"><dt class=\"gallery-icon\">\n\t\t<a class=\"fancybox\" href=\"http:\/\/damas.laiglesiadelacomunidad.com\/wp-content\/uploads\/2015\/12\/File-Dec-21-7-19-13-AM.jpeg\" rel=\"gallery-0\"><img loading=\"lazy\" decoding=\"async\" width=\"150\" height=\"150\" class=\"attachment-thumbnail\" alt=\"\" src=\"http:\/\/damas.laiglesiadelacomunidad.com\/wp-content\/uploads\/2015\/12\/File-Dec-21-7-19-13-AM-150x150.jpeg\" \/><\/a><\/dt><\/dl>\n\n<dl class=\"gallery-item\"><dt class=\"gallery-icon\">\n\t\t<a class=\"fancybox\" href=\"http:\/\/damas.laiglesiadelacomunidad.com\/wp-content\/uploads\/2015\/12\/File-Dec-21-7-19-31-AM.jpeg\" rel=\"gallery-0\"><img loading=\"lazy\" decoding=\"async\" width=\"150\" height=\"150\" class=\"attachment-thumbnail\" alt=\"\" src=\"http:\/\/damas.laiglesiadelacomunidad.com\/wp-content\/uploads\/2015\/12\/File-Dec-21-7-19-31-AM-150x150.jpeg\" \/><\/a><\/dt><\/dl>\n\n<dl class=\"gallery-item\"><dt class=\"gallery-icon\">\n\t\t<a class=\"fancybox\" href=\"http:\/\/damas.laiglesiadelacomunidad.com\/wp-content\/uploads\/2015\/12\/2015-12-20-22.39.42-1-1024x768.jpg\" rel=\"gallery-0\"><img loading=\"lazy\" decoding=\"async\" width=\"150\" height=\"150\" class=\"attachment-thumbnail\" alt=\"\" src=\"http:\/\/damas.laiglesiadelacomunidad.com\/wp-content\/uploads\/2015\/12\/2015-12-20-22.39.42-1-150x150.jpg\" \/><\/a><\/dt><\/dl>\n\n<dl class=\"gallery-item\"><dt class=\"gallery-icon\">\n\t\t<a class=\"fancybox\" href=\"http:\/\/damas.laiglesiadelacomunidad.com\/wp-content\/uploads\/2015\/12\/2015-12-20-22.39.46-1-1024x768.jpg\" rel=\"gallery-0\"><img loading=\"lazy\" decoding=\"async\" width=\"150\" height=\"150\" class=\"attachment-thumbnail\" alt=\"\" src=\"http:\/\/damas.laiglesiadelacomunidad.com\/wp-content\/uploads\/2015\/12\/2015-12-20-22.39.46-1-150x150.jpg\" \/><\/a><\/dt><\/dl>\n\n<dl class=\"gallery-item\"><dt class=\"gallery-icon\">\n\t\t<a class=\"fancybox\" href=\"http:\/\/damas.laiglesiadelacomunidad.com\/wp-content\/uploads\/2015\/12\/2015-12-20-22.39.53-1-1024x768.jpg\" rel=\"gallery-0\"><img loading=\"lazy\" decoding=\"async\" width=\"150\" height=\"150\" class=\"attachment-thumbnail\" alt=\"\" src=\"http:\/\/damas.laiglesiadelacomunidad.com\/wp-content\/uploads\/2015\/12\/2015-12-20-22.39.53-1-150x150.jpg\" \/><\/a><\/dt><\/dl>\n\n<dl class=\"gallery-item\"><dt class=\"gallery-icon\">\n\t\t<a class=\"fancybox\" href=\"http:\/\/damas.laiglesiadelacomunidad.com\/wp-content\/uploads\/2015\/12\/2015-12-20-22.40.00-1-768x1024.jpg\" rel=\"gallery-0\"><img loading=\"lazy\" decoding=\"async\" width=\"150\" height=\"150\" class=\"attachment-thumbnail\" alt=\"\" src=\"http:\/\/damas.laiglesiadelacomunidad.com\/wp-content\/uploads\/2015\/12\/2015-12-20-22.40.00-1-150x150.jpg\" \/><\/a><\/dt><\/dl>\n\n<dl class=\"gallery-item\"><dt class=\"gallery-icon\">\n\t\t<a class=\"fancybox\" href=\"http:\/\/damas.laiglesiadelacomunidad.com\/wp-content\/uploads\/2015\/12\/2015-12-20-22.40.05-1-768x1024.jpg\" rel=\"gallery-0\"><img loading=\"lazy\" decoding=\"async\" width=\"150\" height=\"150\" class=\"attachment-thumbnail\" alt=\"\" src=\"http:\/\/damas.laiglesiadelacomunidad.com\/wp-content\/uploads\/2015\/12\/2015-12-20-22.40.05-1-150x150.jpg\" \/><\/a><\/dt><\/dl>\n\n<dl class=\"gallery-item\"><dt class=\"gallery-icon\">\n\t\t<a class=\"fancybox\" href=\"http:\/\/damas.laiglesiadelacomunidad.com\/wp-content\/uploads\/2015\/12\/2015-12-20-22.40.10-1-768x1024.jpg\" rel=\"gallery-0\"><img loading=\"lazy\" decoding=\"async\" width=\"150\" height=\"150\" class=\"attachment-thumbnail\" alt=\"\" src=\"http:\/\/damas.laiglesiadelacomunidad.com\/wp-content\/uploads\/2015\/12\/2015-12-20-22.40.10-1-150x150.jpg\" \/><\/a><\/dt><\/dl>\n\n<dl class=\"gallery-item\"><dt class=\"gallery-icon\">\n\t\t<a class=\"fancybox\" href=\"http:\/\/damas.laiglesiadelacomunidad.com\/wp-content\/uploads\/2015\/12\/2015-12-20-22.40.15-1-768x1024.jpg\" rel=\"gallery-0\"><img loading=\"lazy\" decoding=\"async\" width=\"150\" height=\"150\" class=\"attachment-thumbnail\" alt=\"\" src=\"http:\/\/damas.laiglesiadelacomunidad.com\/wp-content\/uploads\/2015\/12\/2015-12-20-22.40.15-1-150x150.jpg\" \/><\/a><\/dt><\/dl>\n\n<dl class=\"gallery-item\"><dt class=\"gallery-icon\">\n\t\t<a class=\"fancybox\" href=\"http:\/\/damas.laiglesiadelacomunidad.com\/wp-content\/uploads\/2015\/12\/2015-12-20-22.40.20-1-768x1024.jpg\" rel=\"gallery-0\"><img loading=\"lazy\" decoding=\"async\" width=\"150\" height=\"150\" class=\"attachment-thumbnail\" alt=\"\" src=\"http:\/\/damas.laiglesiadelacomunidad.com\/wp-content\/uploads\/2015\/12\/2015-12-20-22.40.20-1-150x150.jpg\" \/><\/a><\/dt><\/dl>\n\n<\/div><br clear=\"all\" \/><!-- Rendered by FancyBox without labels END -->\n\n","protected":false},"excerpt":{"rendered":"<p>Gracias Se\u00f1or por tan linda noche, gracias por cada momento bueno y para cada momento no tan bueno que hemos tenido \u00e9ste a\u00f1o, gracias por la fidelidad de todos los voluntarios, especialmente gracias por la fidelidad de Felipe, gracias por ponerlo a \u00e9l como pastor de \u00e9ste reba\u00f1o por tantos a\u00f1os y por su trabajo &hellip; <a href=\"http:\/\/damas.laiglesiadelacomunidad.com\/?p=10160\" class=\"more-link\">Continue reading <span class=\"screen-reader-text\">Reuni\u00f3n domingo 20 de Dic. 2015<\/span> <span class=\"meta-nav\">&rarr;<\/span><\/a><\/p>\n","protected":false},"author":2,"featured_media":10203,"comment_status":"open","ping_status":"open","sticky":false,"template":"","format":"chat","meta":{"footnotes":""},"categories":[7],"tags":[],"_links":{"self":[{"href":"http:\/\/damas.laiglesiadelacomunidad.com\/index.php?rest_route=\/wp\/v2\/posts\/10160"}],"collection":[{"href":"http:\/\/damas.laiglesiadelacomunidad.com\/index.php?rest_route=\/wp\/v2\/posts"}],"about":[{"href":"http:\/\/damas.laiglesiadelacomunidad.com\/index.php?rest_route=\/wp\/v2\/types\/post"}],"author":[{"embeddable":true,"href":"http:\/\/damas.laiglesiadelacomunidad.com\/index.php?rest_route=\/wp\/v2\/users\/2"}],"replies":[{"embeddable":true,"href":"http:\/\/damas.laiglesiadelacomunidad.com\/index.php?rest_route=%2Fwp%2Fv2%2Fcomments&post=10160"}],"version-history":[{"count":7,"href":"http:\/\/damas.laiglesiadelacomunidad.com\/index.php?rest_route=\/wp\/v2\/posts\/10160\/revisions"}],"predecessor-version":[{"id":10236,"href":"http:\/\/damas.laiglesiadelacomunidad.com\/index.php?rest_route=\/wp\/v2\/posts\/10160\/revisions\/10236"}],"wp:featuredmedia":[{"embeddable":true,"href":"http:\/\/damas.laiglesiadelacomunidad.com\/index.php?rest_route=\/wp\/v2\/media\/10203"}],"wp:attachment":[{"href":"http:\/\/damas.laiglesiadelacomunidad.com\/index.php?rest_route=%2Fwp%2Fv2%2Fmedia&parent=10160"}],"wp:term":[{"taxonomy":"category","embeddable":true,"href":"http:\/\/damas.laiglesiadelacomunidad.com\/index.php?rest_route=%2Fwp%2Fv2%2Fcategories&post=10160"},{"taxonomy":"post_tag","embeddable":true,"href":"http:\/\/damas.laiglesiadelacomunidad.com\/index.php?rest_route=%2Fwp%2Fv2%2Ftags&post=10160"}],"curies":[{"name":"wp","href":"https:\/\/api.w.org\/{rel}","templated":true}]}}