{"id":10148,"date":"2015-12-17T11:39:10","date_gmt":"2015-12-17T17:39:10","guid":{"rendered":"http:\/\/damas.laiglesiadelacomunidad.com\/?p=10148"},"modified":"2015-12-17T11:44:20","modified_gmt":"2015-12-17T17:44:20","slug":"estudio-miercoles-16-de-dic-2015","status":"publish","type":"post","link":"http:\/\/damas.laiglesiadelacomunidad.com\/?p=10148","title":{"rendered":"Estudio Mi\u00e9rcoles 16 de Dic. 2015"},"content":{"rendered":"<p>Que podemos decir, solo dar gracias por otro a\u00f1o que nuestro Se\u00f1or nos ha permitido reunirnos, para animarnos, consolarnos y sobretodo amarnos.<\/p>\n<p>Doy gracias a Dios por cada una de ustedes, por su amistad y hermandad, por protegernos y librarnos de la amargura, odios, envidias, celos, etc. Y por darnos paz, gozo, paciencia y paz.<\/p>\n<p>Gracias a Dios por confiarnos tanto trabajo y que a pesar que el trabajo ha sido duro y dif\u00edcil de hacer, tenemos un Padre que nos ha llevado de la mano y nos ha mantenido firmes en \u00e9ste caminar.<\/p>\n<p>Pedimos a Dios que nos siga confiando trabajo en su Reino, que el trabajo que hemos hecho este a\u00f1o rinda muchos frutos y que nos siga poniendo un coraz\u00f3n \u00a0que est\u00e9 dispuesto a obedecerle en todo y hacer su voluntad, que el a\u00f1o que viene podamos dar m\u00e1s frutos de los que hemos dado en toda nuestra vida.<\/p>\n<p><span style=\"color: #ff0000;\"><strong>Y Jes\u00fas se acerc\u00f3 y les habl\u00f3 diciendo: Toda potestad me es dada en el cielo y en la tierra.Por tanto, id, y haced disc\u00edpulos a todas las naciones, bautiz\u00e1ndolos en el nombre del Padre, y del Hijo, y del Esp\u00edritu Santo; ense\u00f1\u00e1ndoles que guarden todas las cosas que os he mandado; y he aqu\u00ed yo estoy con vosotros todos los d\u00edas, hasta el fin del mundo. Am\u00e9n.<\/strong> <\/span>Mateo 28: 18-20<\/p>\n<p><strong>No nos cansemos, pues, de hacer bien; porque a su tiempo segaremos, si no desmayamos. As\u00ed que, seg\u00fan tengamos oportunidad, hagamos bien a todos, y mayormente a los de la familia de la fe.<\/strong> G\u00e1latas 6:9-10<\/p>\n<p><strong>Porque somos hechura suya, creados en Cristo Jes\u00fas para buenas obras, las cuales Dios prepar\u00f3 de antemano para que anduvi\u00e9semos en ellas. Efesios 2:10<\/strong><br \/>\n<strong> El que descendi\u00f3, es el mismo que tambi\u00e9n subi\u00f3 por encima de todos los cielos para llenarlo todo. Y \u00e9l mismo constituy\u00f3 a unos, ap\u00f3stoles; a otros, profetas; a otros, evangelistas; a otros, pastores y maestros,a fin de perfeccionar a los santos para la obra del ministerio, para la edificaci\u00f3n del cuerpo de Cristo, hasta que todos lleguemos a la unidad de la fe y del conocimiento del Hijo de Dios, a un var\u00f3n perfecto, a la medida de la estatura de la plenitud de Cristo; para que ya no seamos ni\u00f1os fluctuantes, llevados por doquiera de todo viento de doctrina, por estratagema de hombres que para enga\u00f1ar emplean con astucia las artima\u00f1as del error,sino que siguiendo la verdad en amor, crezcamos en todo en aquel que es la cabeza, esto es, Cristo,de quien todo el cuerpo, bien concertado y unido entre s\u00ed por todas las coyunturas que se ayudan mutuamente, seg\u00fan la actividad propia de cada miembro, recibe su crecimiento para ir edific\u00e1ndose en amor.<\/strong> Efesios 4:10-6<\/p>\n<p>Dios las contin\u00fae bendiciendo, las quiero mucho y es un gran privilegio trabajar con ustedes.<br \/>\nJackie C.<\/p>\n<p><a href=\"http:\/\/damas.laiglesiadelacomunidad.com\/wp-content\/uploads\/2015\/12\/img_9700.jpeg\"><img decoding=\"async\" src=\"http:\/\/damas.laiglesiadelacomunidad.com\/wp-content\/uploads\/2015\/12\/img_9700.jpeg\" alt=\"\" \/><\/a><br \/>\n<a href=\"http:\/\/damas.laiglesiadelacomunidad.com\/wp-content\/uploads\/2015\/12\/img_9702.jpeg\"><img decoding=\"async\" src=\"http:\/\/damas.laiglesiadelacomunidad.com\/wp-content\/uploads\/2015\/12\/img_9702.jpeg\" alt=\"\" \/><\/a>\u00a0\u00a0<a href=\"http:\/\/damas.laiglesiadelacomunidad.com\/wp-content\/uploads\/2015\/12\/img_9704.jpeg\"><img decoding=\"async\" src=\"http:\/\/damas.laiglesiadelacomunidad.com\/wp-content\/uploads\/2015\/12\/img_9704.jpeg\" alt=\"\" \/><\/a><br \/>\n<a href=\"http:\/\/damas.laiglesiadelacomunidad.com\/wp-content\/uploads\/2015\/12\/img_9695.jpeg\"><img decoding=\"async\" src=\"http:\/\/damas.laiglesiadelacomunidad.com\/wp-content\/uploads\/2015\/12\/img_9695.jpeg\" alt=\"\" \/><\/a>\u00a0\u00a0<a href=\"http:\/\/damas.laiglesiadelacomunidad.com\/wp-content\/uploads\/2015\/12\/img_9693.jpeg\"><img decoding=\"async\" src=\"http:\/\/damas.laiglesiadelacomunidad.com\/wp-content\/uploads\/2015\/12\/img_9693.jpeg\" alt=\"\" \/><\/a><br \/>\n<a href=\"http:\/\/damas.laiglesiadelacomunidad.com\/wp-content\/uploads\/2015\/12\/img_9685.jpeg\"><img decoding=\"async\" src=\"http:\/\/damas.laiglesiadelacomunidad.com\/wp-content\/uploads\/2015\/12\/img_9685.jpeg\" alt=\"\" \/><\/a>\u00a0\u00a0<a href=\"http:\/\/damas.laiglesiadelacomunidad.com\/wp-content\/uploads\/2015\/12\/img_9684.jpeg\"><img decoding=\"async\" src=\"http:\/\/damas.laiglesiadelacomunidad.com\/wp-content\/uploads\/2015\/12\/img_9684.jpeg\" alt=\"\" \/><\/a><br \/>\n<a href=\"http:\/\/damas.laiglesiadelacomunidad.com\/wp-content\/uploads\/2015\/12\/img_9686.jpeg\"><img decoding=\"async\" src=\"http:\/\/damas.laiglesiadelacomunidad.com\/wp-content\/uploads\/2015\/12\/img_9686.jpeg\" alt=\"\" \/><\/a><\/p>\n","protected":false},"excerpt":{"rendered":"<p>Que podemos decir, solo dar gracias por otro a\u00f1o que nuestro Se\u00f1or nos ha permitido reunirnos, para animarnos, consolarnos y sobretodo amarnos. Doy gracias a Dios por cada una de ustedes, por su amistad y hermandad, por protegernos y librarnos de la amargura, odios, envidias, celos, etc. Y por darnos paz, gozo, paciencia y paz. &hellip; <a href=\"http:\/\/damas.laiglesiadelacomunidad.com\/?p=10148\" class=\"more-link\">Continue reading <span class=\"screen-reader-text\">Estudio Mi\u00e9rcoles 16 de Dic. 2015<\/span> <span class=\"meta-nav\">&rarr;<\/span><\/a><\/p>\n","protected":false},"author":2,"featured_media":0,"comment_status":"open","ping_status":"open","sticky":false,"template":"","format":"gallery","meta":{"footnotes":""},"categories":[6],"tags":[],"_links":{"self":[{"href":"http:\/\/damas.laiglesiadelacomunidad.com\/index.php?rest_route=\/wp\/v2\/posts\/10148"}],"collection":[{"href":"http:\/\/damas.laiglesiadelacomunidad.com\/index.php?rest_route=\/wp\/v2\/posts"}],"about":[{"href":"http:\/\/damas.laiglesiadelacomunidad.com\/index.php?rest_route=\/wp\/v2\/types\/post"}],"author":[{"embeddable":true,"href":"http:\/\/damas.laiglesiadelacomunidad.com\/index.php?rest_route=\/wp\/v2\/users\/2"}],"replies":[{"embeddable":true,"href":"http:\/\/damas.laiglesiadelacomunidad.com\/index.php?rest_route=%2Fwp%2Fv2%2Fcomments&post=10148"}],"version-history":[{"count":3,"href":"http:\/\/damas.laiglesiadelacomunidad.com\/index.php?rest_route=\/wp\/v2\/posts\/10148\/revisions"}],"predecessor-version":[{"id":10151,"href":"http:\/\/damas.laiglesiadelacomunidad.com\/index.php?rest_route=\/wp\/v2\/posts\/10148\/revisions\/10151"}],"wp:attachment":[{"href":"http:\/\/damas.laiglesiadelacomunidad.com\/index.php?rest_route=%2Fwp%2Fv2%2Fmedia&parent=10148"}],"wp:term":[{"taxonomy":"category","embeddable":true,"href":"http:\/\/damas.laiglesiadelacomunidad.com\/index.php?rest_route=%2Fwp%2Fv2%2Fcategories&post=10148"},{"taxonomy":"post_tag","embeddable":true,"href":"http:\/\/damas.laiglesiadelacomunidad.com\/index.php?rest_route=%2Fwp%2Fv2%2Ftags&post=10148"}],"curies":[{"name":"wp","href":"https:\/\/api.w.org\/{rel}","templated":true}]}}