{"id":10110,"date":"2015-12-14T04:38:38","date_gmt":"2015-12-14T10:38:38","guid":{"rendered":"http:\/\/damas.laiglesiadelacomunidad.com\/?p=10110"},"modified":"2015-12-14T00:58:42","modified_gmt":"2015-12-14T06:58:42","slug":"reunion-domingo-13-de-diciembre-2015","status":"publish","type":"post","link":"http:\/\/damas.laiglesiadelacomunidad.com\/?p=10110","title":{"rendered":"Reuni\u00f3n domingo 13 de Diciembre 2015"},"content":{"rendered":"<p>Gracias Se\u00f1or por darnos otra linda noche, gracias por permitirnos congregarnos a pesar del clima, gracias por poner el querer y el hacer en nuestros corazones, gracias por toooodos los voluntarios que llegan a hacer el arreglo para crear el ambiente para adorarte y para llevarnos como comunidad.<\/p>\n<p>El tema de hoy se sali\u00f3 de la serie que estamos viendo, pero fue igual de importante, el tema fue: <strong>&#8220;S\u00ed, pero&#8230;&#8221;&nbsp;<\/strong>es la presentaci\u00f3n de un nuevo libro y la idea principal de hoy fue: <strong>&#8220;Satan\u00e1s quiere disminuir nuestra capacidad&#8221;&nbsp;<\/strong>a trav\u00e9s de nuestras vidas hemos visto lo d\u00edficil que es entregarse a Jes\u00fas, &nbsp;ser sus seguidores. En el pasado hemos hablado que Jes\u00fas quiere una entrega radical de nosotros, y eso es todo lo contrario de lo que dice la religi\u00f3n que debemos de hacer, la religi\u00f3n nos pide que seamos buenos, salvos, asistir los domingos a la iglesia, que usemos cierto vocabulario, Dios nos pide que sigamos a Jes\u00fas con todo lo que somos, sin poner excusas y eso no solo se lo pide a super cristianos, nos lo pide a todos.<\/p>\n<p>Por un lado Jes\u00fas nos pide que le entreguemos nuestras vidas radicalmente a \u00c9l &nbsp;y al Reino de su Padre,nos pide que dejemos todo, y por otro lado Satan\u00e1s nos empieza a poner tropiezos y enga\u00f1os en nuestras vidas, nos enga\u00f1a con cosas tan sencillas como no tengo tiempo, necesito dinero para hacer esto o aquello, mi familia es m\u00e1s importante, esto puede esperar para m\u00e1s tarde, no tengo palabras para ense\u00f1ar, yo soy mala no puedo ense\u00f1ar a otros, etc. Satan\u00e1s y sus mentiras nos inhabilita.<\/p>\n<p>En el libro &#8220;Si Pero&#8230;&#8221; es la segunda parte de sigueme y nos da consejos pr\u00e1cticos con gu\u00eda B\u00edblica de como superar los enga\u00f1os que Satan\u00e1s pone en nuestras vidas, se los recomiendo, lo pueden conseguir completamente gratis en la mesa de recursos en la iglesia o descargarlo electr\u00f3nicamente en pazconDios.com.<\/p>\n<p><span style=\"color: #ff0000;\">&nbsp;Y Jes\u00fas les dijo: \u201cVengan conmigo, y Yo har\u00e9 que ustedes sean pescadores de hombres.\u201d<\/span>&nbsp;Marcos 1:17<\/p>\n<p><span style=\"color: #ff0000;\">Y a todos les dec\u00eda: \u201cSi alguien quiere seguirme, ni\u00e9guese a s\u00ed mismo, tome su cruz cada d\u00eda y s\u00edgame. &nbsp;\u201cPorque el que quiera salvar su vida, la perder\u00e1, pero el que pierda su vida por causa de M\u00ed, \u00e9se la salvar\u00e1. &nbsp;\u201cPues, \u00bfde qu\u00e9 le sirve a un hombre haber ganado el mundo entero, si \u00e9l mismo se destruye o se pierde?<\/span> Lucas 9:23-25<\/p>\n<p><strong> Entonces Pedro les dijo: \u201cArrepi\u00e9ntanse y sean bautizados cada uno de ustedes en el nombre de Jesucristo para perd\u00f3n de sus pecados, y recibir\u00e1n el don del Esp\u00edritu Santo<\/strong> Hechos 2:38<\/p>\n<p><strong>El que dice que permanece en El, debe andar como El anduvo.<\/strong> 1Juan 2:6<\/p>\n<p><strong>Por tanto, hermanos, les ruego por las misericordias de Dios que presenten sus cuerpos como sacrificio vivo y santo, aceptable a Dios, [que es] el culto racional de ustedes.<\/strong> Romanos 12:1<\/p>\n<p><strong>Por lo dem\u00e1s, fortal\u00e9zcanse en el Se\u00f1or y en el poder de su fuerza. Rev\u00edstanse con toda la armadura de Dios para que puedan estar firmes contra las insidias del diablo. &nbsp;Porque nuestra lucha no es contra sangre y carne, sino contra principados, contra potestades, contra los poderes de este mundo de tinieblas, contra las fuerzas espirituales de maldad en las regiones celestes.<\/strong> Efesios 6:10-12<\/p>\n<p>Gracias Se\u00f1or por el mensaje de hoy, te pedimos Se\u00f1or que tu nos ayudes a reconocer las mentiras de Satan\u00e1s y nos pongas en nuestro coraz\u00f3n el deseo de trabajar m\u00e1s en Tu Reino, en nombre de Tu hijo amado te lo pedimos, am\u00e9n.<\/p>\n<p>Estan invitadas \u00e9ste domingo a la cena de navidad en la iglesia.<\/p>\n<p>Dios bendiga su semana;<\/p>\n<p>Jackie C.<\/p>\n<p>&nbsp;<a href=\"http:\/\/damas.laiglesiadelacomunidad.com\/wp-content\/uploads\/2015\/12\/IMG_9631.jpg\"><img decoding=\"async\" src=\"http:\/\/damas.laiglesiadelacomunidad.com\/wp-content\/uploads\/2015\/12\/IMG_9631.jpg\" alt=\"\"><\/a>&nbsp;&nbsp;<a href=\"http:\/\/damas.laiglesiadelacomunidad.com\/?attachment_id=10123\" rel=\"attachment wp-att-10123\"><img loading=\"lazy\" decoding=\"async\" class=\"alignnone size-full wp-image-10123\" src=\"http:\/\/damas.laiglesiadelacomunidad.com\/wp-content\/uploads\/2015\/12\/2015-12-13-21.30.09.jpg\" alt=\"2015-12-13 21.30.09\" width=\"1200\" height=\"1600\" srcset=\"http:\/\/damas.laiglesiadelacomunidad.com\/wp-content\/uploads\/2015\/12\/2015-12-13-21.30.09.jpg 1200w, http:\/\/damas.laiglesiadelacomunidad.com\/wp-content\/uploads\/2015\/12\/2015-12-13-21.30.09-225x300.jpg 225w, http:\/\/damas.laiglesiadelacomunidad.com\/wp-content\/uploads\/2015\/12\/2015-12-13-21.30.09-768x1024.jpg 768w\" sizes=\"(max-width: 1200px) 100vw, 1200px\" \/><\/a> <a href=\"http:\/\/damas.laiglesiadelacomunidad.com\/?attachment_id=10122\" rel=\"attachment wp-att-10122\"><img loading=\"lazy\" decoding=\"async\" class=\"alignnone size-full wp-image-10122\" src=\"http:\/\/damas.laiglesiadelacomunidad.com\/wp-content\/uploads\/2015\/12\/2015-12-13-21.30.06.jpg\" alt=\"2015-12-13 21.30.06\" width=\"1200\" height=\"1600\" srcset=\"http:\/\/damas.laiglesiadelacomunidad.com\/wp-content\/uploads\/2015\/12\/2015-12-13-21.30.06.jpg 1200w, http:\/\/damas.laiglesiadelacomunidad.com\/wp-content\/uploads\/2015\/12\/2015-12-13-21.30.06-225x300.jpg 225w, http:\/\/damas.laiglesiadelacomunidad.com\/wp-content\/uploads\/2015\/12\/2015-12-13-21.30.06-768x1024.jpg 768w\" sizes=\"(max-width: 1200px) 100vw, 1200px\" \/><\/a> <a href=\"http:\/\/damas.laiglesiadelacomunidad.com\/?attachment_id=10121\" rel=\"attachment wp-att-10121\"><img loading=\"lazy\" decoding=\"async\" class=\"alignnone size-full wp-image-10121\" src=\"http:\/\/damas.laiglesiadelacomunidad.com\/wp-content\/uploads\/2015\/12\/2015-12-13-21.30.01.jpg\" alt=\"2015-12-13 21.30.01\" width=\"1200\" height=\"1600\" srcset=\"http:\/\/damas.laiglesiadelacomunidad.com\/wp-content\/uploads\/2015\/12\/2015-12-13-21.30.01.jpg 1200w, http:\/\/damas.laiglesiadelacomunidad.com\/wp-content\/uploads\/2015\/12\/2015-12-13-21.30.01-225x300.jpg 225w, http:\/\/damas.laiglesiadelacomunidad.com\/wp-content\/uploads\/2015\/12\/2015-12-13-21.30.01-768x1024.jpg 768w\" sizes=\"(max-width: 1200px) 100vw, 1200px\" \/><\/a> <a href=\"http:\/\/damas.laiglesiadelacomunidad.com\/?attachment_id=10120\" rel=\"attachment wp-att-10120\"><img loading=\"lazy\" decoding=\"async\" class=\"alignnone size-full wp-image-10120\" src=\"http:\/\/damas.laiglesiadelacomunidad.com\/wp-content\/uploads\/2015\/12\/2015-12-13-21.29.57.jpg\" alt=\"2015-12-13 21.29.57\" width=\"1200\" height=\"1600\" srcset=\"http:\/\/damas.laiglesiadelacomunidad.com\/wp-content\/uploads\/2015\/12\/2015-12-13-21.29.57.jpg 1200w, http:\/\/damas.laiglesiadelacomunidad.com\/wp-content\/uploads\/2015\/12\/2015-12-13-21.29.57-225x300.jpg 225w, http:\/\/damas.laiglesiadelacomunidad.com\/wp-content\/uploads\/2015\/12\/2015-12-13-21.29.57-768x1024.jpg 768w\" sizes=\"(max-width: 1200px) 100vw, 1200px\" \/><\/a> <a href=\"http:\/\/damas.laiglesiadelacomunidad.com\/?attachment_id=10119\" rel=\"attachment wp-att-10119\"><img loading=\"lazy\" decoding=\"async\" class=\"alignnone size-full wp-image-10119\" src=\"http:\/\/damas.laiglesiadelacomunidad.com\/wp-content\/uploads\/2015\/12\/2015-12-13-21.29.54.jpg\" alt=\"2015-12-13 21.29.54\" width=\"1200\" height=\"1600\" srcset=\"http:\/\/damas.laiglesiadelacomunidad.com\/wp-content\/uploads\/2015\/12\/2015-12-13-21.29.54.jpg 1200w, http:\/\/damas.laiglesiadelacomunidad.com\/wp-content\/uploads\/2015\/12\/2015-12-13-21.29.54-225x300.jpg 225w, http:\/\/damas.laiglesiadelacomunidad.com\/wp-content\/uploads\/2015\/12\/2015-12-13-21.29.54-768x1024.jpg 768w\" sizes=\"(max-width: 1200px) 100vw, 1200px\" \/><\/a> <a href=\"http:\/\/damas.laiglesiadelacomunidad.com\/?attachment_id=10118\" rel=\"attachment wp-att-10118\"><img loading=\"lazy\" decoding=\"async\" class=\"alignnone size-full wp-image-10118\" src=\"http:\/\/damas.laiglesiadelacomunidad.com\/wp-content\/uploads\/2015\/12\/2015-12-13-21.29.42.jpg\" alt=\"2015-12-13 21.29.42\" width=\"1200\" height=\"1600\" srcset=\"http:\/\/damas.laiglesiadelacomunidad.com\/wp-content\/uploads\/2015\/12\/2015-12-13-21.29.42.jpg 1200w, http:\/\/damas.laiglesiadelacomunidad.com\/wp-content\/uploads\/2015\/12\/2015-12-13-21.29.42-225x300.jpg 225w, http:\/\/damas.laiglesiadelacomunidad.com\/wp-content\/uploads\/2015\/12\/2015-12-13-21.29.42-768x1024.jpg 768w\" sizes=\"(max-width: 1200px) 100vw, 1200px\" \/><\/a> <a href=\"http:\/\/damas.laiglesiadelacomunidad.com\/?attachment_id=10117\" rel=\"attachment wp-att-10117\"><img loading=\"lazy\" decoding=\"async\" class=\"alignnone size-full wp-image-10117\" src=\"http:\/\/damas.laiglesiadelacomunidad.com\/wp-content\/uploads\/2015\/12\/2015-12-13-21.29.37.jpg\" alt=\"2015-12-13 21.29.37\" width=\"1200\" height=\"1600\" srcset=\"http:\/\/damas.laiglesiadelacomunidad.com\/wp-content\/uploads\/2015\/12\/2015-12-13-21.29.37.jpg 1200w, http:\/\/damas.laiglesiadelacomunidad.com\/wp-content\/uploads\/2015\/12\/2015-12-13-21.29.37-225x300.jpg 225w, http:\/\/damas.laiglesiadelacomunidad.com\/wp-content\/uploads\/2015\/12\/2015-12-13-21.29.37-768x1024.jpg 768w\" sizes=\"(max-width: 1200px) 100vw, 1200px\" \/><\/a> <a href=\"http:\/\/damas.laiglesiadelacomunidad.com\/?attachment_id=10116\" rel=\"attachment wp-att-10116\"><img loading=\"lazy\" decoding=\"async\" class=\"alignnone size-full wp-image-10116\" src=\"http:\/\/damas.laiglesiadelacomunidad.com\/wp-content\/uploads\/2015\/12\/2015-12-13-21.29.33.jpg\" alt=\"2015-12-13 21.29.33\" width=\"1200\" height=\"1600\" srcset=\"http:\/\/damas.laiglesiadelacomunidad.com\/wp-content\/uploads\/2015\/12\/2015-12-13-21.29.33.jpg 1200w, http:\/\/damas.laiglesiadelacomunidad.com\/wp-content\/uploads\/2015\/12\/2015-12-13-21.29.33-225x300.jpg 225w, http:\/\/damas.laiglesiadelacomunidad.com\/wp-content\/uploads\/2015\/12\/2015-12-13-21.29.33-768x1024.jpg 768w\" sizes=\"(max-width: 1200px) 100vw, 1200px\" \/><\/a> <a href=\"http:\/\/damas.laiglesiadelacomunidad.com\/?attachment_id=10115\" rel=\"attachment wp-att-10115\"><img loading=\"lazy\" decoding=\"async\" class=\"alignnone size-full wp-image-10115\" src=\"http:\/\/damas.laiglesiadelacomunidad.com\/wp-content\/uploads\/2015\/12\/2015-12-13-21.29.28.jpg\" alt=\"2015-12-13 21.29.28\" width=\"1600\" height=\"1200\" srcset=\"http:\/\/damas.laiglesiadelacomunidad.com\/wp-content\/uploads\/2015\/12\/2015-12-13-21.29.28.jpg 1600w, http:\/\/damas.laiglesiadelacomunidad.com\/wp-content\/uploads\/2015\/12\/2015-12-13-21.29.28-300x225.jpg 300w, http:\/\/damas.laiglesiadelacomunidad.com\/wp-content\/uploads\/2015\/12\/2015-12-13-21.29.28-768x576.jpg 768w, http:\/\/damas.laiglesiadelacomunidad.com\/wp-content\/uploads\/2015\/12\/2015-12-13-21.29.28-1024x768.jpg 1024w\" sizes=\"(max-width: 1600px) 100vw, 1600px\" \/><\/a> <a href=\"http:\/\/damas.laiglesiadelacomunidad.com\/?attachment_id=10114\" rel=\"attachment wp-att-10114\"><img loading=\"lazy\" decoding=\"async\" class=\"alignnone size-full wp-image-10114\" src=\"http:\/\/damas.laiglesiadelacomunidad.com\/wp-content\/uploads\/2015\/12\/2015-12-13-21.29.21.jpg\" alt=\"2015-12-13 21.29.21\" width=\"1600\" height=\"1200\" srcset=\"http:\/\/damas.laiglesiadelacomunidad.com\/wp-content\/uploads\/2015\/12\/2015-12-13-21.29.21.jpg 1600w, http:\/\/damas.laiglesiadelacomunidad.com\/wp-content\/uploads\/2015\/12\/2015-12-13-21.29.21-300x225.jpg 300w, http:\/\/damas.laiglesiadelacomunidad.com\/wp-content\/uploads\/2015\/12\/2015-12-13-21.29.21-768x576.jpg 768w, http:\/\/damas.laiglesiadelacomunidad.com\/wp-content\/uploads\/2015\/12\/2015-12-13-21.29.21-1024x768.jpg 1024w\" sizes=\"(max-width: 1600px) 100vw, 1600px\" \/><\/a> <a href=\"http:\/\/damas.laiglesiadelacomunidad.com\/?attachment_id=10113\" rel=\"attachment wp-att-10113\"><img loading=\"lazy\" decoding=\"async\" class=\"alignnone size-full wp-image-10113\" src=\"http:\/\/damas.laiglesiadelacomunidad.com\/wp-content\/uploads\/2015\/12\/2015-12-13-21.29.18.jpg\" alt=\"2015-12-13 21.29.18\" width=\"1600\" height=\"1200\" srcset=\"http:\/\/damas.laiglesiadelacomunidad.com\/wp-content\/uploads\/2015\/12\/2015-12-13-21.29.18.jpg 1600w, http:\/\/damas.laiglesiadelacomunidad.com\/wp-content\/uploads\/2015\/12\/2015-12-13-21.29.18-300x225.jpg 300w, http:\/\/damas.laiglesiadelacomunidad.com\/wp-content\/uploads\/2015\/12\/2015-12-13-21.29.18-768x576.jpg 768w, http:\/\/damas.laiglesiadelacomunidad.com\/wp-content\/uploads\/2015\/12\/2015-12-13-21.29.18-1024x768.jpg 1024w\" sizes=\"(max-width: 1600px) 100vw, 1600px\" \/><\/a> <a href=\"http:\/\/damas.laiglesiadelacomunidad.com\/?attachment_id=10112\" rel=\"attachment wp-att-10112\"><img loading=\"lazy\" decoding=\"async\" class=\"alignnone size-full wp-image-10112\" src=\"http:\/\/damas.laiglesiadelacomunidad.com\/wp-content\/uploads\/2015\/12\/2015-12-13-21.29.13.jpg\" alt=\"2015-12-13 21.29.13\" width=\"1600\" height=\"1200\" srcset=\"http:\/\/damas.laiglesiadelacomunidad.com\/wp-content\/uploads\/2015\/12\/2015-12-13-21.29.13.jpg 1600w, http:\/\/damas.laiglesiadelacomunidad.com\/wp-content\/uploads\/2015\/12\/2015-12-13-21.29.13-300x225.jpg 300w, http:\/\/damas.laiglesiadelacomunidad.com\/wp-content\/uploads\/2015\/12\/2015-12-13-21.29.13-768x576.jpg 768w, http:\/\/damas.laiglesiadelacomunidad.com\/wp-content\/uploads\/2015\/12\/2015-12-13-21.29.13-1024x768.jpg 1024w\" sizes=\"(max-width: 1600px) 100vw, 1600px\" \/><\/a><\/p>\n","protected":false},"excerpt":{"rendered":"<p>Gracias Se\u00f1or por darnos otra linda noche, gracias por permitirnos congregarnos a pesar del clima, gracias por poner el querer y el hacer en nuestros corazones, gracias por toooodos los voluntarios que llegan a hacer el arreglo para crear el ambiente para adorarte y para llevarnos como comunidad. El tema de hoy se sali\u00f3 de &hellip; <a href=\"http:\/\/damas.laiglesiadelacomunidad.com\/?p=10110\" class=\"more-link\">Continue reading <span class=\"screen-reader-text\">Reuni\u00f3n domingo 13 de Diciembre 2015<\/span> <span class=\"meta-nav\">&rarr;<\/span><\/a><\/p>\n","protected":false},"author":2,"featured_media":0,"comment_status":"open","ping_status":"open","sticky":false,"template":"","format":"gallery","meta":{"footnotes":""},"categories":[7],"tags":[],"_links":{"self":[{"href":"http:\/\/damas.laiglesiadelacomunidad.com\/index.php?rest_route=\/wp\/v2\/posts\/10110"}],"collection":[{"href":"http:\/\/damas.laiglesiadelacomunidad.com\/index.php?rest_route=\/wp\/v2\/posts"}],"about":[{"href":"http:\/\/damas.laiglesiadelacomunidad.com\/index.php?rest_route=\/wp\/v2\/types\/post"}],"author":[{"embeddable":true,"href":"http:\/\/damas.laiglesiadelacomunidad.com\/index.php?rest_route=\/wp\/v2\/users\/2"}],"replies":[{"embeddable":true,"href":"http:\/\/damas.laiglesiadelacomunidad.com\/index.php?rest_route=%2Fwp%2Fv2%2Fcomments&post=10110"}],"version-history":[{"count":3,"href":"http:\/\/damas.laiglesiadelacomunidad.com\/index.php?rest_route=\/wp\/v2\/posts\/10110\/revisions"}],"predecessor-version":[{"id":10126,"href":"http:\/\/damas.laiglesiadelacomunidad.com\/index.php?rest_route=\/wp\/v2\/posts\/10110\/revisions\/10126"}],"wp:attachment":[{"href":"http:\/\/damas.laiglesiadelacomunidad.com\/index.php?rest_route=%2Fwp%2Fv2%2Fmedia&parent=10110"}],"wp:term":[{"taxonomy":"category","embeddable":true,"href":"http:\/\/damas.laiglesiadelacomunidad.com\/index.php?rest_route=%2Fwp%2Fv2%2Fcategories&post=10110"},{"taxonomy":"post_tag","embeddable":true,"href":"http:\/\/damas.laiglesiadelacomunidad.com\/index.php?rest_route=%2Fwp%2Fv2%2Ftags&post=10110"}],"curies":[{"name":"wp","href":"https:\/\/api.w.org\/{rel}","templated":true}]}}